{"id":1035,"date":"2015-08-29T09:00:43","date_gmt":"2015-08-29T07:00:43","guid":{"rendered":"https:\/\/www.unpetitoiseaudanslacuisine.com\/?p=1035"},"modified":"2017-10-08T14:14:12","modified_gmt":"2017-10-08T12:14:12","slug":"le-cake-de-paule","status":"publish","type":"post","link":"https:\/\/www.unpetitoiseaudanslacuisine.com\/en\/le-cake-de-paule\/","title":{"rendered":"Paule&#8217;s cake"},"content":{"rendered":"<h1 style=\"text-align: center;\">Paule&#8217;s cake<\/h1>\n<p><a href=\"https:\/\/i0.wp.com\/www.unpetitoiseaudanslacuisine.com\/wp-content\/uploads\/2015\/08\/IMG_7910.jpg?ssl=1\"><img fetchpriority=\"high\" decoding=\"async\" data-attachment-id=\"1170\" data-permalink=\"https:\/\/www.unpetitoiseaudanslacuisine.com\/en\/le-cake-de-paule\/img_7910\/\" data-orig-file=\"https:\/\/i0.wp.com\/www.unpetitoiseaudanslacuisine.com\/wp-content\/uploads\/2015\/08\/IMG_7910.jpg?fit=2448%2C3264&amp;ssl=1\" data-orig-size=\"2448,3264\" data-comments-opened=\"1\" data-image-meta=\"{&quot;aperture&quot;:&quot;2.4&quot;,&quot;credit&quot;:&quot;&quot;,&quot;camera&quot;:&quot;iPhone 4S&quot;,&quot;caption&quot;:&quot;&quot;,&quot;created_timestamp&quot;:&quot;1440269203&quot;,&quot;copyright&quot;:&quot;&quot;,&quot;focal_length&quot;:&quot;4.28&quot;,&quot;iso&quot;:&quot;200&quot;,&quot;shutter_speed&quot;:&quot;0.05&quot;,&quot;title&quot;:&quot;&quot;,&quot;orientation&quot;:&quot;1&quot;}\" data-image-title=\"Le cake de Paule\" data-image-description=\"&lt;p&gt;Le cake de Paule&lt;\/p&gt;\n\" data-image-caption=\"\" data-medium-file=\"https:\/\/i0.wp.com\/www.unpetitoiseaudanslacuisine.com\/wp-content\/uploads\/2015\/08\/IMG_7910.jpg?fit=225%2C300&amp;ssl=1\" data-large-file=\"https:\/\/i0.wp.com\/www.unpetitoiseaudanslacuisine.com\/wp-content\/uploads\/2015\/08\/IMG_7910.jpg?fit=750%2C1000&amp;ssl=1\" class=\"wp-image-1170 size-large aligncenter\" src=\"https:\/\/i0.wp.com\/www.unpetitoiseaudanslacuisine.com\/wp-content\/uploads\/2015\/08\/IMG_7910.jpg?resize=750%2C1000&#038;ssl=1\" alt=\"Le cake de Paule\" width=\"750\" height=\"1000\" srcset=\"https:\/\/i0.wp.com\/www.unpetitoiseaudanslacuisine.com\/wp-content\/uploads\/2015\/08\/IMG_7910.jpg?resize=768%2C1024&amp;ssl=1 768w, https:\/\/i0.wp.com\/www.unpetitoiseaudanslacuisine.com\/wp-content\/uploads\/2015\/08\/IMG_7910.jpg?resize=225%2C300&amp;ssl=1 225w, https:\/\/i0.wp.com\/www.unpetitoiseaudanslacuisine.com\/wp-content\/uploads\/2015\/08\/IMG_7910.jpg?resize=41%2C55&amp;ssl=1 41w, https:\/\/i0.wp.com\/www.unpetitoiseaudanslacuisine.com\/wp-content\/uploads\/2015\/08\/IMG_7910.jpg?w=1500&amp;ssl=1 1500w, https:\/\/i0.wp.com\/www.unpetitoiseaudanslacuisine.com\/wp-content\/uploads\/2015\/08\/IMG_7910.jpg?w=2250&amp;ssl=1 2250w\" sizes=\"(max-width: 750px) 100vw, 750px\" data-recalc-dims=\"1\" \/><\/a><\/p>\n<p style=\"text-align: center;\"><span style=\"color: #ff6600;\">l Switch language for recipe in French l<\/span><\/p>\n<p><span lang=\"en\">I tried &#8220;Le cake de Paule&#8221; during\u00a0a warm summer evening. I was immediately seduced by the hazelnut taste and the sweet one coming from carrots. This cake is very soft, colorful , and give a taste of autumn with its hazelnuts. Carrots and tomatoes bring color and hazelnuts a subtle nutty flavor and crunch.<\/span><\/p>\n<p class=\"tw-data-text vk_txt tw-ta tw-text-small\" dir=\"ltr\" data-placeholder=\"Traduction\"><span lang=\"en\">Did you know that nuts are very good for health? With over 10 nutrients, nuts are an important source of fiber and help, through their high composition of monounsaturated acides fat to lower total cholesterol and LDL-cholesterol (bad cholesterol) . They also have antioxidant properties that reduce lipids oxidation in the blood and therefore, limit the cardiovascular risk .\u00a0<\/span><\/p>\n<p class=\"tw-data-text vk_txt tw-ta tw-text-small\" dir=\"ltr\" data-placeholder=\"Traduction\"><span lang=\"en\">Eat hazelnuts !!!\u00a0<\/span><\/p>\n<p class=\"tw-data-text vk_txt tw-ta tw-text-small\" dir=\"ltr\" data-placeholder=\"Traduction\"><span lang=\"en\">Here is the recipe :<\/span><\/p>\n<p><strong>Paule&#8217;s cake<\/strong><\/p>\n<p>Serve: 10 slices<\/p>\n<p>Preparation time: 10 min, Cooking time\u00a0:\u00a045 min<\/p>\n<p>[ingredients title=&#8221;Ingredients&#8221;]<\/p>\n<ul>\n<li>180g flour<\/li>\n<li>1 baking powder<\/li>\n<li>3 eggs<\/li>\n<li>10cl milk<\/li>\n<li>3 tbsp olive oil<\/li>\n<li>30g hazelnuts<\/li>\n<li>10 cherry tomatoes cut in half<\/li>\n<li>30g cheddar + 10g to sprinkle over the cake<\/li>\n<li>1 big carrots or 2 small one<\/li>\n<li>Salt and pepper<\/li>\n<\/ul>\n<p>[\/ingredients]<\/p>\n<p style=\"text-align: center;\"><a href=\"https:\/\/i0.wp.com\/www.unpetitoiseaudanslacuisine.com\/wp-content\/uploads\/2015\/08\/IMG_7863.jpg?ssl=1\"><img decoding=\"async\" data-attachment-id=\"1166\" data-permalink=\"https:\/\/www.unpetitoiseaudanslacuisine.com\/en\/le-cake-de-paule\/img_7863\/\" data-orig-file=\"https:\/\/i0.wp.com\/www.unpetitoiseaudanslacuisine.com\/wp-content\/uploads\/2015\/08\/IMG_7863.jpg?fit=2448%2C2861&amp;ssl=1\" data-orig-size=\"2448,2861\" data-comments-opened=\"1\" data-image-meta=\"{&quot;aperture&quot;:&quot;2.4&quot;,&quot;credit&quot;:&quot;&quot;,&quot;camera&quot;:&quot;iPhone 4S&quot;,&quot;caption&quot;:&quot;&quot;,&quot;created_timestamp&quot;:&quot;1440260455&quot;,&quot;copyright&quot;:&quot;&quot;,&quot;focal_length&quot;:&quot;4.28&quot;,&quot;iso&quot;:&quot;125&quot;,&quot;shutter_speed&quot;:&quot;0.05&quot;,&quot;title&quot;:&quot;&quot;,&quot;orientation&quot;:&quot;1&quot;}\" data-image-title=\"Le cake de Paule\" data-image-description=\"&lt;p&gt;Le cake de Paule&lt;\/p&gt;\n\" data-image-caption=\"\" data-medium-file=\"https:\/\/i0.wp.com\/www.unpetitoiseaudanslacuisine.com\/wp-content\/uploads\/2015\/08\/IMG_7863.jpg?fit=257%2C300&amp;ssl=1\" data-large-file=\"https:\/\/i0.wp.com\/www.unpetitoiseaudanslacuisine.com\/wp-content\/uploads\/2015\/08\/IMG_7863.jpg?fit=750%2C877&amp;ssl=1\" class=\"alignnone size-medium wp-image-1166\" src=\"https:\/\/i0.wp.com\/www.unpetitoiseaudanslacuisine.com\/wp-content\/uploads\/2015\/08\/IMG_7863.jpg?resize=257%2C300&#038;ssl=1\" alt=\"Le cake de Paule\" width=\"257\" height=\"300\" srcset=\"https:\/\/i0.wp.com\/www.unpetitoiseaudanslacuisine.com\/wp-content\/uploads\/2015\/08\/IMG_7863.jpg?resize=257%2C300&amp;ssl=1 257w, https:\/\/i0.wp.com\/www.unpetitoiseaudanslacuisine.com\/wp-content\/uploads\/2015\/08\/IMG_7863.jpg?resize=876%2C1024&amp;ssl=1 876w, https:\/\/i0.wp.com\/www.unpetitoiseaudanslacuisine.com\/wp-content\/uploads\/2015\/08\/IMG_7863.jpg?resize=47%2C55&amp;ssl=1 47w, https:\/\/i0.wp.com\/www.unpetitoiseaudanslacuisine.com\/wp-content\/uploads\/2015\/08\/IMG_7863.jpg?w=1500&amp;ssl=1 1500w, https:\/\/i0.wp.com\/www.unpetitoiseaudanslacuisine.com\/wp-content\/uploads\/2015\/08\/IMG_7863.jpg?w=2250&amp;ssl=1 2250w\" sizes=\"(max-width: 257px) 100vw, 257px\" data-recalc-dims=\"1\" \/><\/a><\/p>\n<p><strong>PREPARATION<\/strong><\/p>\n<ul>\n<li id=\"tw-target-text\" class=\"tw-data-text vk_txt tw-ta tw-text-small\" dir=\"ltr\" data-placeholder=\"Traduction\"><span lang=\"en\">Preheat oven to 180 \u00b0 C\u00a0<\/span><\/li>\n<li class=\"tw-data-text vk_txt tw-ta tw-text-small\" dir=\"ltr\" data-placeholder=\"Traduction\"><span lang=\"en\">Grate the carrot.<\/span><\/li>\n<li class=\"tw-data-text vk_txt tw-ta tw-text-small\" dir=\"ltr\" data-placeholder=\"Traduction\"><span lang=\"en\">In a bowl mix flour and baking powder.\u00a0<\/span><\/li>\n<li class=\"tw-data-text vk_txt tw-ta tw-text-small\" dir=\"ltr\" data-placeholder=\"Traduction\"><span lang=\"en\">Whisk the eggs and add milk, oil . Add salt and pepper .\u00a0<\/span><\/li>\n<li class=\"tw-data-text vk_txt tw-ta tw-text-small\" dir=\"ltr\" data-placeholder=\"Traduction\"><span lang=\"en\">Pour over the flour and mix until smooth.\u00a0<\/span><\/li>\n<li class=\"tw-data-text vk_txt tw-ta tw-text-small\" dir=\"ltr\" data-placeholder=\"Traduction\"><span lang=\"en\">Add to the dough hazelnuts, cherry tomatoes, grated carrot , and 30 g of cheddar . Mix well.\u00a0<\/span><\/li>\n<\/ul>\n<p style=\"text-align: center;\"><a href=\"https:\/\/i0.wp.com\/www.unpetitoiseaudanslacuisine.com\/wp-content\/uploads\/2015\/08\/IMG_7873.jpg?ssl=1\"><img decoding=\"async\" data-attachment-id=\"1167\" data-permalink=\"https:\/\/www.unpetitoiseaudanslacuisine.com\/en\/le-cake-de-paule\/img_7873\/\" data-orig-file=\"https:\/\/i0.wp.com\/www.unpetitoiseaudanslacuisine.com\/wp-content\/uploads\/2015\/08\/IMG_7873.jpg?fit=2448%2C3264&amp;ssl=1\" data-orig-size=\"2448,3264\" data-comments-opened=\"1\" data-image-meta=\"{&quot;aperture&quot;:&quot;2.4&quot;,&quot;credit&quot;:&quot;&quot;,&quot;camera&quot;:&quot;iPhone 4S&quot;,&quot;caption&quot;:&quot;&quot;,&quot;created_timestamp&quot;:&quot;1440261217&quot;,&quot;copyright&quot;:&quot;&quot;,&quot;focal_length&quot;:&quot;4.28&quot;,&quot;iso&quot;:&quot;50&quot;,&quot;shutter_speed&quot;:&quot;0.041666666666667&quot;,&quot;title&quot;:&quot;&quot;,&quot;orientation&quot;:&quot;1&quot;}\" data-image-title=\"Le cake de Paule\" data-image-description=\"&lt;p&gt;Le cake de Paule&lt;\/p&gt;\n\" data-image-caption=\"\" data-medium-file=\"https:\/\/i0.wp.com\/www.unpetitoiseaudanslacuisine.com\/wp-content\/uploads\/2015\/08\/IMG_7873.jpg?fit=225%2C300&amp;ssl=1\" data-large-file=\"https:\/\/i0.wp.com\/www.unpetitoiseaudanslacuisine.com\/wp-content\/uploads\/2015\/08\/IMG_7873.jpg?fit=750%2C1000&amp;ssl=1\" class=\"alignnone size-medium wp-image-1167\" src=\"https:\/\/i0.wp.com\/www.unpetitoiseaudanslacuisine.com\/wp-content\/uploads\/2015\/08\/IMG_7873.jpg?resize=225%2C300&#038;ssl=1\" alt=\"Le cake de Paule\" width=\"225\" height=\"300\" srcset=\"https:\/\/i0.wp.com\/www.unpetitoiseaudanslacuisine.com\/wp-content\/uploads\/2015\/08\/IMG_7873.jpg?resize=225%2C300&amp;ssl=1 225w, https:\/\/i0.wp.com\/www.unpetitoiseaudanslacuisine.com\/wp-content\/uploads\/2015\/08\/IMG_7873.jpg?resize=768%2C1024&amp;ssl=1 768w, https:\/\/i0.wp.com\/www.unpetitoiseaudanslacuisine.com\/wp-content\/uploads\/2015\/08\/IMG_7873.jpg?resize=41%2C55&amp;ssl=1 41w, https:\/\/i0.wp.com\/www.unpetitoiseaudanslacuisine.com\/wp-content\/uploads\/2015\/08\/IMG_7873.jpg?w=1500&amp;ssl=1 1500w, https:\/\/i0.wp.com\/www.unpetitoiseaudanslacuisine.com\/wp-content\/uploads\/2015\/08\/IMG_7873.jpg?w=2250&amp;ssl=1 2250w\" sizes=\"(max-width: 225px) 100vw, 225px\" data-recalc-dims=\"1\" \/><\/a><\/p>\n<ul>\n<li style=\"text-align: left;\">Pour the mixture into an oiled loaf pan and sprinkle with 10g of cheddar.<\/li>\n<\/ul>\n<p><a href=\"https:\/\/i0.wp.com\/www.unpetitoiseaudanslacuisine.com\/wp-content\/uploads\/2015\/08\/IMG_7874.jpg?ssl=1\"><img loading=\"lazy\" decoding=\"async\" data-attachment-id=\"1168\" data-permalink=\"https:\/\/www.unpetitoiseaudanslacuisine.com\/en\/le-cake-de-paule\/img_7874\/\" data-orig-file=\"https:\/\/i0.wp.com\/www.unpetitoiseaudanslacuisine.com\/wp-content\/uploads\/2015\/08\/IMG_7874.jpg?fit=2448%2C3264&amp;ssl=1\" data-orig-size=\"2448,3264\" data-comments-opened=\"1\" data-image-meta=\"{&quot;aperture&quot;:&quot;2.4&quot;,&quot;credit&quot;:&quot;&quot;,&quot;camera&quot;:&quot;iPhone 4S&quot;,&quot;caption&quot;:&quot;&quot;,&quot;created_timestamp&quot;:&quot;1440261514&quot;,&quot;copyright&quot;:&quot;&quot;,&quot;focal_length&quot;:&quot;4.28&quot;,&quot;iso&quot;:&quot;80&quot;,&quot;shutter_speed&quot;:&quot;0.05&quot;,&quot;title&quot;:&quot;&quot;,&quot;orientation&quot;:&quot;1&quot;}\" data-image-title=\"Le cake de Paule\" data-image-description=\"&lt;p&gt;Le cake de Paule&lt;\/p&gt;\n\" data-image-caption=\"\" data-medium-file=\"https:\/\/i0.wp.com\/www.unpetitoiseaudanslacuisine.com\/wp-content\/uploads\/2015\/08\/IMG_7874.jpg?fit=225%2C300&amp;ssl=1\" data-large-file=\"https:\/\/i0.wp.com\/www.unpetitoiseaudanslacuisine.com\/wp-content\/uploads\/2015\/08\/IMG_7874.jpg?fit=750%2C1000&amp;ssl=1\" class=\"size-medium wp-image-1168 aligncenter\" src=\"https:\/\/i0.wp.com\/www.unpetitoiseaudanslacuisine.com\/wp-content\/uploads\/2015\/08\/IMG_7874.jpg?resize=225%2C300&#038;ssl=1\" alt=\"Le cake de Paule\" width=\"225\" height=\"300\" srcset=\"https:\/\/i0.wp.com\/www.unpetitoiseaudanslacuisine.com\/wp-content\/uploads\/2015\/08\/IMG_7874.jpg?resize=225%2C300&amp;ssl=1 225w, https:\/\/i0.wp.com\/www.unpetitoiseaudanslacuisine.com\/wp-content\/uploads\/2015\/08\/IMG_7874.jpg?resize=768%2C1024&amp;ssl=1 768w, https:\/\/i0.wp.com\/www.unpetitoiseaudanslacuisine.com\/wp-content\/uploads\/2015\/08\/IMG_7874.jpg?resize=41%2C55&amp;ssl=1 41w, https:\/\/i0.wp.com\/www.unpetitoiseaudanslacuisine.com\/wp-content\/uploads\/2015\/08\/IMG_7874.jpg?w=1500&amp;ssl=1 1500w, https:\/\/i0.wp.com\/www.unpetitoiseaudanslacuisine.com\/wp-content\/uploads\/2015\/08\/IMG_7874.jpg?w=2250&amp;ssl=1 2250w\" sizes=\"(max-width: 225px) 100vw, 225px\" data-recalc-dims=\"1\" \/><\/a><\/p>\n<ul>\n<li style=\"text-align: left;\">Bake for 45 minutes, don&#8217;t overcooked the cake, the tip of a knife should come out clean but moist .<\/li>\n<\/ul>\n<p><a href=\"https:\/\/i0.wp.com\/www.unpetitoiseaudanslacuisine.com\/wp-content\/uploads\/2015\/08\/IMG_7882-1.jpg?ssl=1\"><img loading=\"lazy\" decoding=\"async\" data-attachment-id=\"1173\" data-permalink=\"https:\/\/www.unpetitoiseaudanslacuisine.com\/en\/le-cake-de-paule\/img_7882-1\/\" data-orig-file=\"https:\/\/i0.wp.com\/www.unpetitoiseaudanslacuisine.com\/wp-content\/uploads\/2015\/08\/IMG_7882-1.jpg?fit=1857%2C3264&amp;ssl=1\" data-orig-size=\"1857,3264\" data-comments-opened=\"1\" data-image-meta=\"{&quot;aperture&quot;:&quot;2.4&quot;,&quot;credit&quot;:&quot;&quot;,&quot;camera&quot;:&quot;iPhone 4S&quot;,&quot;caption&quot;:&quot;&quot;,&quot;created_timestamp&quot;:&quot;1440265675&quot;,&quot;copyright&quot;:&quot;&quot;,&quot;focal_length&quot;:&quot;4.28&quot;,&quot;iso&quot;:&quot;125&quot;,&quot;shutter_speed&quot;:&quot;0.05&quot;,&quot;title&quot;:&quot;&quot;,&quot;orientation&quot;:&quot;1&quot;}\" data-image-title=\"Le cake de Paule\" data-image-description=\"&lt;p&gt;Le cake de Paule&lt;\/p&gt;\n\" data-image-caption=\"\" data-medium-file=\"https:\/\/i0.wp.com\/www.unpetitoiseaudanslacuisine.com\/wp-content\/uploads\/2015\/08\/IMG_7882-1.jpg?fit=171%2C300&amp;ssl=1\" data-large-file=\"https:\/\/i0.wp.com\/www.unpetitoiseaudanslacuisine.com\/wp-content\/uploads\/2015\/08\/IMG_7882-1.jpg?fit=583%2C1024&amp;ssl=1\" class=\"wp-image-1173 size-large aligncenter\" src=\"https:\/\/i0.wp.com\/www.unpetitoiseaudanslacuisine.com\/wp-content\/uploads\/2015\/08\/IMG_7882-1.jpg?resize=583%2C1024&#038;ssl=1\" alt=\"Le cake de Paule\" width=\"583\" height=\"1024\" srcset=\"https:\/\/i0.wp.com\/www.unpetitoiseaudanslacuisine.com\/wp-content\/uploads\/2015\/08\/IMG_7882-1.jpg?resize=583%2C1024&amp;ssl=1 583w, https:\/\/i0.wp.com\/www.unpetitoiseaudanslacuisine.com\/wp-content\/uploads\/2015\/08\/IMG_7882-1.jpg?resize=171%2C300&amp;ssl=1 171w, https:\/\/i0.wp.com\/www.unpetitoiseaudanslacuisine.com\/wp-content\/uploads\/2015\/08\/IMG_7882-1.jpg?resize=31%2C55&amp;ssl=1 31w, https:\/\/i0.wp.com\/www.unpetitoiseaudanslacuisine.com\/wp-content\/uploads\/2015\/08\/IMG_7882-1.jpg?w=1857&amp;ssl=1 1857w, https:\/\/i0.wp.com\/www.unpetitoiseaudanslacuisine.com\/wp-content\/uploads\/2015\/08\/IMG_7882-1.jpg?w=1500&amp;ssl=1 1500w\" sizes=\"(max-width: 583px) 100vw, 583px\" data-recalc-dims=\"1\" \/><\/a><\/p>\n<p>Perfect to serve during an ap\u00e9ritif or an evening cocktail party \ud83d\ude09<\/p>\n<p><img loading=\"lazy\" decoding=\"async\" data-attachment-id=\"1171\" data-permalink=\"https:\/\/www.unpetitoiseaudanslacuisine.com\/en\/le-cake-de-paule\/img_7911\/\" data-orig-file=\"https:\/\/i0.wp.com\/www.unpetitoiseaudanslacuisine.com\/wp-content\/uploads\/2015\/08\/IMG_7911.jpg?fit=3264%2C2448&amp;ssl=1\" data-orig-size=\"3264,2448\" data-comments-opened=\"1\" data-image-meta=\"{&quot;aperture&quot;:&quot;2.4&quot;,&quot;credit&quot;:&quot;&quot;,&quot;camera&quot;:&quot;iPhone 4S&quot;,&quot;caption&quot;:&quot;&quot;,&quot;created_timestamp&quot;:&quot;1440269210&quot;,&quot;copyright&quot;:&quot;&quot;,&quot;focal_length&quot;:&quot;4.28&quot;,&quot;iso&quot;:&quot;160&quot;,&quot;shutter_speed&quot;:&quot;0.05&quot;,&quot;title&quot;:&quot;&quot;,&quot;orientation&quot;:&quot;1&quot;}\" data-image-title=\"Le cake de Paule\" data-image-description=\"&lt;p&gt;Le cake de Paule&lt;\/p&gt;\n\" data-image-caption=\"\" data-medium-file=\"https:\/\/i0.wp.com\/www.unpetitoiseaudanslacuisine.com\/wp-content\/uploads\/2015\/08\/IMG_7911.jpg?fit=300%2C225&amp;ssl=1\" data-large-file=\"https:\/\/i0.wp.com\/www.unpetitoiseaudanslacuisine.com\/wp-content\/uploads\/2015\/08\/IMG_7911.jpg?fit=750%2C563&amp;ssl=1\" class=\"wp-image-1171 size-large aligncenter\" src=\"https:\/\/i0.wp.com\/www.unpetitoiseaudanslacuisine.com\/wp-content\/uploads\/2015\/08\/IMG_7911.jpg?resize=750%2C563&#038;ssl=1\" alt=\"Le cake de Paule\" width=\"750\" height=\"563\" srcset=\"https:\/\/i0.wp.com\/www.unpetitoiseaudanslacuisine.com\/wp-content\/uploads\/2015\/08\/IMG_7911.jpg?resize=1024%2C768&amp;ssl=1 1024w, https:\/\/i0.wp.com\/www.unpetitoiseaudanslacuisine.com\/wp-content\/uploads\/2015\/08\/IMG_7911.jpg?resize=300%2C225&amp;ssl=1 300w, https:\/\/i0.wp.com\/www.unpetitoiseaudanslacuisine.com\/wp-content\/uploads\/2015\/08\/IMG_7911.jpg?resize=73%2C55&amp;ssl=1 73w, https:\/\/i0.wp.com\/www.unpetitoiseaudanslacuisine.com\/wp-content\/uploads\/2015\/08\/IMG_7911.jpg?w=1500&amp;ssl=1 1500w, https:\/\/i0.wp.com\/www.unpetitoiseaudanslacuisine.com\/wp-content\/uploads\/2015\/08\/IMG_7911.jpg?w=2250&amp;ssl=1 2250w\" sizes=\"(max-width: 750px) 100vw, 750px\" data-recalc-dims=\"1\" \/><\/p>\n<p>&nbsp;<\/p>\n","protected":false},"excerpt":{"rendered":"<p>Paule&#8217;s cake l Switch language for recipe in French l I tried &#8220;Le cake de Paule&#8221; during\u00a0a warm summer evening. I was immediately seduced by the hazelnut taste and the sweet one coming from carrots. This cake is very soft, colorful , and give a taste of autumn with its hazelnuts. Carrots and tomatoes bring [&hellip;]<\/p>\n","protected":false},"author":2,"featured_media":1171,"comment_status":"open","ping_status":"open","sticky":false,"template":"","format":"standard","meta":{"wprm-recipe-roundup-name":"","wprm-recipe-roundup-description":"","_exactmetrics_skip_tracking":false,"_exactmetrics_sitenote_active":false,"_exactmetrics_sitenote_note":"","_exactmetrics_sitenote_category":0,"jetpack_post_was_ever_published":false,"footnotes":"","jetpack_publicize_message":"","jetpack_is_tweetstorm":false,"jetpack_publicize_feature_enabled":true,"jetpack_social_post_already_shared":false,"jetpack_social_options":{"image_generator_settings":{"template":"highway","enabled":false}}},"categories":[88,7,510],"tags":[65,69,68,66,67],"class_list":["post-1035","post","type-post","status-publish","format-standard","has-post-thumbnail","hentry","category-aperitif","category-quiches-et-tartes-salees","category-vegetarien","tag-cakes","tag-carotte","tag-emmenthal","tag-noisettes","tag-tomates-cerises"],"translation":{"provider":"WPGlobus","version":"2.10.10","language":"en","enabled_languages":["fr","en"],"languages":{"fr":{"title":true,"content":true,"excerpt":false},"en":{"title":true,"content":true,"excerpt":false}}},"jetpack_publicize_connections":[],"yoast_head":"<!-- This site is optimized with the Yoast SEO Premium plugin v19.5 (Yoast SEO v20.5) - https:\/\/yoast.com\/wordpress\/plugins\/seo\/ -->\n<title>Paule&#039;s cake - Un petit Oiseau dans la Cuisine<\/title>\n<meta name=\"description\" content=\"This cake is very soft, colourful, and give a taste of autumn with its hazelnuts. Carrots and tomatoes bring color and hazelnuts nutty flavor and crunch.\" \/>\n<meta name=\"robots\" content=\"index, follow, max-snippet:-1, max-image-preview:large, max-video-preview:-1\" \/>\n<link rel=\"canonical\" href=\"https:\/\/www.unpetitoiseaudanslacuisine.com\/le-cake-de-paule\/\" \/>\n<meta property=\"og:locale\" content=\"en_US\" \/>\n<meta property=\"og:type\" content=\"article\" \/>\n<meta property=\"og:title\" content=\"Paule&#039;s cake - Un petit Oiseau dans la Cuisine\" \/>\n<meta property=\"og:description\" content=\"This cake is very soft, colourful, and give a taste of autumn with its hazelnuts. Carrots and tomatoes bring color and hazelnuts nutty flavor and crunch.\" \/>\n<meta property=\"og:url\" content=\"https:\/\/www.unpetitoiseaudanslacuisine.com\/le-cake-de-paule\/\" \/>\n<meta property=\"og:site_name\" content=\"Un petit Oiseau dans la Cuisine\" \/>\n<meta property=\"article:publisher\" content=\"https:\/\/www.facebook.com\/unpetitoiseaudanslacuisine?ref=hl\" \/>\n<meta property=\"article:author\" content=\"https:\/\/www.facebook.com\/unpetitoiseaudanslacuisine\/\" \/>\n<meta property=\"article:published_time\" content=\"2015-08-29T07:00:43+00:00\" \/>\n<meta property=\"article:modified_time\" content=\"2017-10-08T12:14:12+00:00\" \/>\n<meta property=\"og:image\" content=\"https:\/\/i0.wp.com\/www.unpetitoiseaudanslacuisine.com\/wp-content\/uploads\/2015\/08\/IMG_7911.jpg?fit=3264%2C2448&ssl=1\" \/>\n\t<meta property=\"og:image:width\" content=\"3264\" \/>\n\t<meta property=\"og:image:height\" content=\"2448\" \/>\n\t<meta property=\"og:image:type\" content=\"image\/jpeg\" \/>\n<meta name=\"author\" content=\"Eva\" \/>\n<meta name=\"twitter:card\" content=\"summary_large_image\" \/>\n<meta name=\"twitter:creator\" content=\"@Blakprada\" \/>\n<meta name=\"twitter:site\" content=\"@Blakprada\" \/>\n<meta name=\"twitter:label1\" content=\"Written by\" \/>\n\t<meta name=\"twitter:data1\" content=\"Eva\" \/>\n\t<meta name=\"twitter:label2\" content=\"Est. reading time\" \/>\n\t<meta name=\"twitter:data2\" content=\"3 minutes\" \/>\n<script type=\"application\/ld+json\" class=\"yoast-schema-graph\">{\"@context\":\"https:\/\/schema.org\",\"@graph\":[{\"@type\":\"Article\",\"@id\":\"https:\/\/www.unpetitoiseaudanslacuisine.com\/le-cake-de-paule\/#article\",\"isPartOf\":{\"@id\":\"https:\/\/www.unpetitoiseaudanslacuisine.com\/le-cake-de-paule\/\"},\"author\":{\"name\":\"Eva\",\"@id\":\"https:\/\/www.unpetitoiseaudanslacuisine.com\/#\/schema\/person\/818491c4d8414a773aca407bff3b1c57\"},\"headline\":\"Paule&#8217;s cake\",\"datePublished\":\"2015-08-29T07:00:43+00:00\",\"dateModified\":\"2017-10-08T12:14:12+00:00\",\"mainEntityOfPage\":{\"@id\":\"https:\/\/www.unpetitoiseaudanslacuisine.com\/le-cake-de-paule\/\"},\"wordCount\":666,\"commentCount\":0,\"publisher\":{\"@id\":\"https:\/\/www.unpetitoiseaudanslacuisine.com\/#organization\"},\"keywords\":[\"cakes\",\"carotte\",\"emmenthal\",\"noisettes\",\"tomates cerises\"],\"articleSection\":[\"Appetiser \",\"Savoury Pies &amp; Cakes\",\"Vegetarian\"],\"inLanguage\":\"en-US\",\"potentialAction\":[{\"@type\":\"CommentAction\",\"name\":\"Comment\",\"target\":[\"https:\/\/www.unpetitoiseaudanslacuisine.com\/le-cake-de-paule\/#respond\"]}]},{\"@type\":\"WebPage\",\"@id\":\"https:\/\/www.unpetitoiseaudanslacuisine.com\/le-cake-de-paule\/\",\"url\":\"https:\/\/www.unpetitoiseaudanslacuisine.com\/le-cake-de-paule\/\",\"name\":\"Paule's cake - Un petit Oiseau dans la Cuisine\",\"isPartOf\":{\"@id\":\"https:\/\/www.unpetitoiseaudanslacuisine.com\/#website\"},\"datePublished\":\"2015-08-29T07:00:43+00:00\",\"dateModified\":\"2017-10-08T12:14:12+00:00\",\"description\":\"This cake is very soft, colourful, and give a taste of autumn with its hazelnuts. Carrots and tomatoes bring color and hazelnuts nutty flavor and crunch. \",\"breadcrumb\":{\"@id\":\"https:\/\/www.unpetitoiseaudanslacuisine.com\/le-cake-de-paule\/#breadcrumb\"},\"inLanguage\":\"en-US\",\"potentialAction\":[{\"@type\":\"ReadAction\",\"target\":[\"https:\/\/www.unpetitoiseaudanslacuisine.com\/le-cake-de-paule\/\"]}]},{\"@type\":\"BreadcrumbList\",\"@id\":\"https:\/\/www.unpetitoiseaudanslacuisine.com\/le-cake-de-paule\/#breadcrumb\",\"itemListElement\":[{\"@type\":\"ListItem\",\"position\":1,\"name\":\"Accueil\",\"item\":\"https:\/\/www.unpetitoiseaudanslacuisine.com\/\"},{\"@type\":\"ListItem\",\"position\":2,\"name\":\"Le cake de Paule\"}]},{\"@type\":\"WebSite\",\"@id\":\"https:\/\/www.unpetitoiseaudanslacuisine.com\/#website\",\"url\":\"https:\/\/www.unpetitoiseaudanslacuisine.com\/\",\"name\":\"Un petit Oiseau dans la Cuisine\",\"description\":\"Amazing food for healthy people\",\"publisher\":{\"@id\":\"https:\/\/www.unpetitoiseaudanslacuisine.com\/#organization\"},\"potentialAction\":[{\"@type\":\"SearchAction\",\"target\":{\"@type\":\"EntryPoint\",\"urlTemplate\":\"https:\/\/www.unpetitoiseaudanslacuisine.com\/?s={search_term_string}\"},\"query-input\":\"required name=search_term_string\"}],\"inLanguage\":\"en-US\"},{\"@type\":\"Organization\",\"@id\":\"https:\/\/www.unpetitoiseaudanslacuisine.com\/#organization\",\"name\":\"Un petit Oiseau dans la Cuisine\",\"url\":\"https:\/\/www.unpetitoiseaudanslacuisine.com\/\",\"logo\":{\"@type\":\"ImageObject\",\"inLanguage\":\"en-US\",\"@id\":\"https:\/\/www.unpetitoiseaudanslacuisine.com\/#\/schema\/logo\/image\/\",\"url\":\"https:\/\/www.unpetitoiseaudanslacuisine.com\/wp-content\/uploads\/2019\/12\/Copy-of-Copy-of-Copy-of-Copy-of-Copy-of-Copy-of-Copy-of-Copy-of-Copy-of-Copy-of-LOGO-3.png\",\"contentUrl\":\"https:\/\/www.unpetitoiseaudanslacuisine.com\/wp-content\/uploads\/2019\/12\/Copy-of-Copy-of-Copy-of-Copy-of-Copy-of-Copy-of-Copy-of-Copy-of-Copy-of-Copy-of-LOGO-3.png\",\"width\":960,\"height\":540,\"caption\":\"Un petit Oiseau dans la Cuisine\"},\"image\":{\"@id\":\"https:\/\/www.unpetitoiseaudanslacuisine.com\/#\/schema\/logo\/image\/\"},\"sameAs\":[\"https:\/\/www.facebook.com\/unpetitoiseaudanslacuisine?ref=hl\",\"https:\/\/twitter.com\/Blakprada\"]},{\"@type\":\"Person\",\"@id\":\"https:\/\/www.unpetitoiseaudanslacuisine.com\/#\/schema\/person\/818491c4d8414a773aca407bff3b1c57\",\"name\":\"Eva\",\"image\":{\"@type\":\"ImageObject\",\"inLanguage\":\"en-US\",\"@id\":\"https:\/\/www.unpetitoiseaudanslacuisine.com\/#\/schema\/person\/image\/\",\"url\":\"https:\/\/secure.gravatar.com\/avatar\/27a7985b57debf7d4e602f9185d8cca81d1fe7279241f08bc61724059dcd0136?s=96&d=mm&r=g\",\"contentUrl\":\"https:\/\/secure.gravatar.com\/avatar\/27a7985b57debf7d4e602f9185d8cca81d1fe7279241f08bc61724059dcd0136?s=96&d=mm&r=g\",\"caption\":\"Eva\"},\"sameAs\":[\"https:\/\/www.unpetitoiseaudanslacuisine.com\",\"https:\/\/www.facebook.com\/unpetitoiseaudanslacuisine\/\",\"https:\/\/www.instagram.com\/unpetitoiseaudanslacuisine\/\"]}]}<\/script>\n<!-- \/ Yoast SEO Premium plugin. -->","yoast_head_json":{"title":"Paule's cake - Un petit Oiseau dans la Cuisine","description":"This cake is very soft, colourful, and give a taste of autumn with its hazelnuts. Carrots and tomatoes bring color and hazelnuts nutty flavor and crunch.","robots":{"index":"index","follow":"follow","max-snippet":"max-snippet:-1","max-image-preview":"max-image-preview:large","max-video-preview":"max-video-preview:-1"},"canonical":"https:\/\/www.unpetitoiseaudanslacuisine.com\/le-cake-de-paule\/","og_locale":"en_US","og_type":"article","og_title":"Paule's cake - Un petit Oiseau dans la Cuisine","og_description":"This cake is very soft, colourful, and give a taste of autumn with its hazelnuts. Carrots and tomatoes bring color and hazelnuts nutty flavor and crunch.","og_url":"https:\/\/www.unpetitoiseaudanslacuisine.com\/le-cake-de-paule\/","og_site_name":"Un petit Oiseau dans la Cuisine","article_publisher":"https:\/\/www.facebook.com\/unpetitoiseaudanslacuisine?ref=hl","article_author":"https:\/\/www.facebook.com\/unpetitoiseaudanslacuisine\/","article_published_time":"2015-08-29T07:00:43+00:00","article_modified_time":"2017-10-08T12:14:12+00:00","og_image":[{"width":3264,"height":2448,"url":"https:\/\/i0.wp.com\/www.unpetitoiseaudanslacuisine.com\/wp-content\/uploads\/2015\/08\/IMG_7911.jpg?fit=3264%2C2448&ssl=1","type":"image\/jpeg"}],"author":"Eva","twitter_card":"summary_large_image","twitter_creator":"@Blakprada","twitter_site":"@Blakprada","twitter_misc":{"Written by":"Eva","Est. reading time":"3 minutes"},"schema":{"@context":"https:\/\/schema.org","@graph":[{"@type":"Article","@id":"https:\/\/www.unpetitoiseaudanslacuisine.com\/le-cake-de-paule\/#article","isPartOf":{"@id":"https:\/\/www.unpetitoiseaudanslacuisine.com\/le-cake-de-paule\/"},"author":{"name":"Eva","@id":"https:\/\/www.unpetitoiseaudanslacuisine.com\/#\/schema\/person\/818491c4d8414a773aca407bff3b1c57"},"headline":"Paule&#8217;s cake","datePublished":"2015-08-29T07:00:43+00:00","dateModified":"2017-10-08T12:14:12+00:00","mainEntityOfPage":{"@id":"https:\/\/www.unpetitoiseaudanslacuisine.com\/le-cake-de-paule\/"},"wordCount":666,"commentCount":0,"publisher":{"@id":"https:\/\/www.unpetitoiseaudanslacuisine.com\/#organization"},"keywords":["cakes","carotte","emmenthal","noisettes","tomates cerises"],"articleSection":["Appetiser ","Savoury Pies &amp; Cakes","Vegetarian"],"inLanguage":"en-US","potentialAction":[{"@type":"CommentAction","name":"Comment","target":["https:\/\/www.unpetitoiseaudanslacuisine.com\/le-cake-de-paule\/#respond"]}]},{"@type":"WebPage","@id":"https:\/\/www.unpetitoiseaudanslacuisine.com\/le-cake-de-paule\/","url":"https:\/\/www.unpetitoiseaudanslacuisine.com\/le-cake-de-paule\/","name":"Paule's cake - Un petit Oiseau dans la Cuisine","isPartOf":{"@id":"https:\/\/www.unpetitoiseaudanslacuisine.com\/#website"},"datePublished":"2015-08-29T07:00:43+00:00","dateModified":"2017-10-08T12:14:12+00:00","description":"This cake is very soft, colourful, and give a taste of autumn with its hazelnuts. Carrots and tomatoes bring color and hazelnuts nutty flavor and crunch. ","breadcrumb":{"@id":"https:\/\/www.unpetitoiseaudanslacuisine.com\/le-cake-de-paule\/#breadcrumb"},"inLanguage":"en-US","potentialAction":[{"@type":"ReadAction","target":["https:\/\/www.unpetitoiseaudanslacuisine.com\/le-cake-de-paule\/"]}]},{"@type":"BreadcrumbList","@id":"https:\/\/www.unpetitoiseaudanslacuisine.com\/le-cake-de-paule\/#breadcrumb","itemListElement":[{"@type":"ListItem","position":1,"name":"Accueil","item":"https:\/\/www.unpetitoiseaudanslacuisine.com\/"},{"@type":"ListItem","position":2,"name":"Le cake de Paule"}]},{"@type":"WebSite","@id":"https:\/\/www.unpetitoiseaudanslacuisine.com\/#website","url":"https:\/\/www.unpetitoiseaudanslacuisine.com\/","name":"Un petit Oiseau dans la Cuisine","description":"Amazing food for healthy people","publisher":{"@id":"https:\/\/www.unpetitoiseaudanslacuisine.com\/#organization"},"potentialAction":[{"@type":"SearchAction","target":{"@type":"EntryPoint","urlTemplate":"https:\/\/www.unpetitoiseaudanslacuisine.com\/?s={search_term_string}"},"query-input":"required name=search_term_string"}],"inLanguage":"en-US"},{"@type":"Organization","@id":"https:\/\/www.unpetitoiseaudanslacuisine.com\/#organization","name":"Un petit Oiseau dans la Cuisine","url":"https:\/\/www.unpetitoiseaudanslacuisine.com\/","logo":{"@type":"ImageObject","inLanguage":"en-US","@id":"https:\/\/www.unpetitoiseaudanslacuisine.com\/#\/schema\/logo\/image\/","url":"https:\/\/www.unpetitoiseaudanslacuisine.com\/wp-content\/uploads\/2019\/12\/Copy-of-Copy-of-Copy-of-Copy-of-Copy-of-Copy-of-Copy-of-Copy-of-Copy-of-Copy-of-LOGO-3.png","contentUrl":"https:\/\/www.unpetitoiseaudanslacuisine.com\/wp-content\/uploads\/2019\/12\/Copy-of-Copy-of-Copy-of-Copy-of-Copy-of-Copy-of-Copy-of-Copy-of-Copy-of-Copy-of-LOGO-3.png","width":960,"height":540,"caption":"Un petit Oiseau dans la Cuisine"},"image":{"@id":"https:\/\/www.unpetitoiseaudanslacuisine.com\/#\/schema\/logo\/image\/"},"sameAs":["https:\/\/www.facebook.com\/unpetitoiseaudanslacuisine?ref=hl","https:\/\/twitter.com\/Blakprada"]},{"@type":"Person","@id":"https:\/\/www.unpetitoiseaudanslacuisine.com\/#\/schema\/person\/818491c4d8414a773aca407bff3b1c57","name":"Eva","image":{"@type":"ImageObject","inLanguage":"en-US","@id":"https:\/\/www.unpetitoiseaudanslacuisine.com\/#\/schema\/person\/image\/","url":"https:\/\/secure.gravatar.com\/avatar\/27a7985b57debf7d4e602f9185d8cca81d1fe7279241f08bc61724059dcd0136?s=96&d=mm&r=g","contentUrl":"https:\/\/secure.gravatar.com\/avatar\/27a7985b57debf7d4e602f9185d8cca81d1fe7279241f08bc61724059dcd0136?s=96&d=mm&r=g","caption":"Eva"},"sameAs":["https:\/\/www.unpetitoiseaudanslacuisine.com","https:\/\/www.facebook.com\/unpetitoiseaudanslacuisine\/","https:\/\/www.instagram.com\/unpetitoiseaudanslacuisine\/"]}]}},"jetpack_featured_media_url":"https:\/\/i0.wp.com\/www.unpetitoiseaudanslacuisine.com\/wp-content\/uploads\/2015\/08\/IMG_7911.jpg?fit=3264%2C2448&ssl=1","jetpack_sharing_enabled":true,"jetpack_shortlink":"https:\/\/wp.me\/p87SV0-gH","jetpack-related-posts":[{"id":9138,"url":"https:\/\/www.unpetitoiseaudanslacuisine.com\/en\/cake-with-apples-chocolate-chips-and-hazelnuts\/","url_meta":{"origin":1035,"position":0},"title":"Cake with apples, chocolate chips and hazelnuts","date":"9 November 2019","format":false,"excerpt":"{:fr} l Switch language for recipe in English l Cake fondant pommes, chocolat et noisettes Pour un cake Temps de pr\u00e9paration: 30 min, temps de cuisson: 50 min [ingredients title=\"Ingredients\"] 3 grosses pommes 4 c\u00e0s de p\u00e9pites de chocolat 1 poign\u00e9e de noisettes ou d\u2019un m\u00e9lange de noix (noix de\u2026","rel":"","context":"In &quot;Cake&quot;","img":{"alt_text":"","src":"https:\/\/i0.wp.com\/www.unpetitoiseaudanslacuisine.com\/wp-content\/uploads\/cache\/2019\/11\/e9b78b6f-ba31-4bfb-bd17-ec9db2e46d87\/3783254484.jpg?resize=350%2C200&ssl=1","width":350,"height":200},"classes":[]},{"id":9952,"url":"https:\/\/www.unpetitoiseaudanslacuisine.com\/en\/cake-moelleux-aux-pommes-et-chocolat-allege-en-sucre-et-en-matiere-grasse\/","url_meta":{"origin":1035,"position":1},"title":"Soft apple and chocolate cake","date":"3 May 2020","format":false,"excerpt":"{:fr}\u00a0 l Switch language for recipe in English l Cake moelleux aux pommes et chocolat Pour un cake Temps de preparation : 20 min, Temps de cuisson: 60 min [ingredients title=\"Ingredients\"] 4 pommes 4 \u0153ufs entiers 320g de farine 1 sachet de levure chimique 2 cas de miel 50g de\u2026","rel":"","context":"In &quot;Cake&quot;","img":{"alt_text":"Cake moelleux aux pommes et chocolat","src":"https:\/\/i0.wp.com\/www.unpetitoiseaudanslacuisine.com\/wp-content\/uploads\/cache\/2020\/05\/IMG_5569-scaled\/3345327961.jpeg?resize=350%2C200&ssl=1","width":350,"height":200},"classes":[]},{"id":6558,"url":"https:\/\/www.unpetitoiseaudanslacuisine.com\/en\/fondant-chocolat-beurre-gluten\/","url_meta":{"origin":1035,"position":2},"title":"No gluten Chocolate cake without butter","date":"29 October 2017","format":false,"excerpt":"{:fr} l Switch language for recipe in English l Voila une nouvelle d\u00e9couverte avec ce fondant au chocolat sans beurre et sans gluten. Un bon moyen de se faire plaisir tout en mangeant sain et sans gluten. Fondant au chocolat sans beurre et sans gluten Pour 6 grosses parts Temps\u2026","rel":"","context":"In &quot;Cake&quot;","img":{"alt_text":"","src":"https:\/\/i0.wp.com\/www.unpetitoiseaudanslacuisine.com\/wp-content\/uploads\/cache\/2017\/10\/IMG_0039\/3441351349.jpg?resize=350%2C200&ssl=1","width":350,"height":200},"classes":[]},{"id":3519,"url":"https:\/\/www.unpetitoiseaudanslacuisine.com\/en\/financier-chocolat\/","url_meta":{"origin":1035,"position":3},"title":"Chocolate financier with hazelnuts and milk chocolate ganache","date":"21 February 2016","format":false,"excerpt":"{:fr}Financier chocolat, ganache chocolat au lait aux \u00e9clats de noisettes l Switch language for recipe in English l Si vous souhaitez r\u00e9aliser un g\u00e2teau sophistiqu\u00e9 et qui en jette mais qui reste tr\u00e8s facile \u00e0 r\u00e9aliser j'ai ce qu'il vous faut avec cet excellent financier chocolat et sa ganache chocolat\u2026","rel":"","context":"In &quot;Cake&quot;","img":{"alt_text":"","src":"https:\/\/i0.wp.com\/www.unpetitoiseaudanslacuisine.com\/wp-content\/uploads\/cache\/2016\/02\/P1070139\/1736861321.jpg?resize=350%2C200&ssl=1","width":350,"height":200},"classes":[]},{"id":1869,"url":"https:\/\/www.unpetitoiseaudanslacuisine.com\/en\/brioche-tressee-au-chocolat\/","url_meta":{"origin":1035,"position":4},"title":"Chocolate braided brioche","date":"18 October 2015","format":false,"excerpt":"{:fr}Brioche tress\u00e9e au chocolat \u00a0\u00a0l Switch language for recipe in English l C'est ma grand m\u00e8re qui m'a inspir\u00e9 cette belle brioche tress\u00e9e au chocolat. Elle\u00a0la r\u00e9alise tr\u00e8s souvent mais en format maxi et en forme de couronne! J'ai essay\u00e9 de la reproduire en taille\u00a0un peu plus raisonnable, avec beaucoup\u2026","rel":"","context":"In &quot;Brioches&quot;","img":{"alt_text":"","src":"https:\/\/i0.wp.com\/www.unpetitoiseaudanslacuisine.com\/wp-content\/uploads\/cache\/2015\/10\/P1040493\/1712882311.jpg?resize=350%2C200&ssl=1","width":350,"height":200},"classes":[]},{"id":8077,"url":"https:\/\/www.unpetitoiseaudanslacuisine.com\/en\/carrot-soup-sweet-potato-and-red-lentils-with-turmeric-and-toasted-hazelnut-oil\/","url_meta":{"origin":1035,"position":5},"title":"Carrot Soup, Sweet Potato and red Lentils with Turmeric and Toasted Hazelnut Oil","date":"12 January 2019","format":false,"excerpt":"{:fr} l Switch language for recipe in English l Soupe carotte, patate douce et lentilles corail au curcuma et \u00e0 l\u2019huile de noisette toast\u00e9e Pour 4 personnes Temps de pr\u00e9paration: 10 min, Temps de cuisson: 25 min [ingredients title=\"Ingredients\"] 400g de carotte 60g de lentilles corail 100g de patate douce\u2026","rel":"","context":"In &quot;Sides&quot;","img":{"alt_text":"","src":"https:\/\/i0.wp.com\/www.unpetitoiseaudanslacuisine.com\/wp-content\/uploads\/cache\/2019\/01\/IMG_2132\/1456874201.jpg?resize=350%2C200&ssl=1","width":350,"height":200},"classes":[]}],"_links":{"self":[{"href":"https:\/\/www.unpetitoiseaudanslacuisine.com\/en\/wp-json\/wp\/v2\/posts\/1035","targetHints":{"allow":["GET"]}}],"collection":[{"href":"https:\/\/www.unpetitoiseaudanslacuisine.com\/en\/wp-json\/wp\/v2\/posts"}],"about":[{"href":"https:\/\/www.unpetitoiseaudanslacuisine.com\/en\/wp-json\/wp\/v2\/types\/post"}],"author":[{"embeddable":true,"href":"https:\/\/www.unpetitoiseaudanslacuisine.com\/en\/wp-json\/wp\/v2\/users\/2"}],"replies":[{"embeddable":true,"href":"https:\/\/www.unpetitoiseaudanslacuisine.com\/en\/wp-json\/wp\/v2\/comments?post=1035"}],"version-history":[{"count":0,"href":"https:\/\/www.unpetitoiseaudanslacuisine.com\/en\/wp-json\/wp\/v2\/posts\/1035\/revisions"}],"wp:featuredmedia":[{"embeddable":true,"href":"https:\/\/www.unpetitoiseaudanslacuisine.com\/en\/wp-json\/wp\/v2\/media\/1171"}],"wp:attachment":[{"href":"https:\/\/www.unpetitoiseaudanslacuisine.com\/en\/wp-json\/wp\/v2\/media?parent=1035"}],"wp:term":[{"taxonomy":"category","embeddable":true,"href":"https:\/\/www.unpetitoiseaudanslacuisine.com\/en\/wp-json\/wp\/v2\/categories?post=1035"},{"taxonomy":"post_tag","embeddable":true,"href":"https:\/\/www.unpetitoiseaudanslacuisine.com\/en\/wp-json\/wp\/v2\/tags?post=1035"}],"curies":[{"name":"wp","href":"https:\/\/api.w.org\/{rel}","templated":true}]}}