{"id":1769,"date":"2015-10-03T11:18:48","date_gmt":"2015-10-03T09:18:48","guid":{"rendered":"https:\/\/www.unpetitoiseaudanslacuisine.com\/?p=1769"},"modified":"2015-10-12T09:03:39","modified_gmt":"2015-10-12T07:03:39","slug":"food-food-au-coeur-des-vignes-2eme-edition","status":"publish","type":"post","link":"https:\/\/www.unpetitoiseaudanslacuisine.com\/en\/food-food-au-coeur-des-vignes-2eme-edition\/","title":{"rendered":"FOOD FOOD au coeur des vignes &#8211; 2\u00e8me EDITION"},"content":{"rendered":"<h1 style=\"text-align: center;\">FOOD FOOD au coeur des vignes &#8211; 2\u00e8me EDITION<\/h1>\n<h3 style=\"text-align: center;\"><a href=\"https:\/\/i0.wp.com\/www.unpetitoiseaudanslacuisine.com\/wp-content\/uploads\/2015\/10\/food-food.jpg?ssl=1\"><img fetchpriority=\"high\" decoding=\"async\" data-attachment-id=\"1773\" data-permalink=\"https:\/\/www.unpetitoiseaudanslacuisine.com\/en\/food-food-au-coeur-des-vignes-2eme-edition\/food-food\/\" data-orig-file=\"https:\/\/i0.wp.com\/www.unpetitoiseaudanslacuisine.com\/wp-content\/uploads\/2015\/10\/food-food.jpg?fit=851%2C315&amp;ssl=1\" data-orig-size=\"851,315\" data-comments-opened=\"1\" data-image-meta=\"{&quot;aperture&quot;:&quot;0&quot;,&quot;credit&quot;:&quot;&quot;,&quot;camera&quot;:&quot;&quot;,&quot;caption&quot;:&quot;&quot;,&quot;created_timestamp&quot;:&quot;0&quot;,&quot;copyright&quot;:&quot;&quot;,&quot;focal_length&quot;:&quot;0&quot;,&quot;iso&quot;:&quot;0&quot;,&quot;shutter_speed&quot;:&quot;0&quot;,&quot;title&quot;:&quot;&quot;,&quot;orientation&quot;:&quot;0&quot;}\" data-image-title=\"food food\" data-image-description=\"&lt;p&gt;food food&lt;\/p&gt;\n\" data-image-caption=\"\" data-medium-file=\"https:\/\/i0.wp.com\/www.unpetitoiseaudanslacuisine.com\/wp-content\/uploads\/2015\/10\/food-food.jpg?fit=300%2C111&amp;ssl=1\" data-large-file=\"https:\/\/i0.wp.com\/www.unpetitoiseaudanslacuisine.com\/wp-content\/uploads\/2015\/10\/food-food.jpg?fit=750%2C278&amp;ssl=1\" class=\"alignnone size-full wp-image-1773\" src=\"https:\/\/i0.wp.com\/www.unpetitoiseaudanslacuisine.com\/wp-content\/uploads\/2015\/10\/food-food.jpg?resize=750%2C278&#038;ssl=1\" alt=\"food food\" width=\"750\" height=\"278\" srcset=\"https:\/\/i0.wp.com\/www.unpetitoiseaudanslacuisine.com\/wp-content\/uploads\/2015\/10\/food-food.jpg?w=851&amp;ssl=1 851w, https:\/\/i0.wp.com\/www.unpetitoiseaudanslacuisine.com\/wp-content\/uploads\/2015\/10\/food-food.jpg?resize=300%2C111&amp;ssl=1 300w, https:\/\/i0.wp.com\/www.unpetitoiseaudanslacuisine.com\/wp-content\/uploads\/2015\/10\/food-food.jpg?resize=149%2C55&amp;ssl=1 149w\" sizes=\"(max-width: 750px) 100vw, 750px\" data-recalc-dims=\"1\" \/><\/a><\/h3>\n<h3 style=\"text-align: center;\">On f\u00eate l&#8217;automne et on allonge l&#8217;\u00e9t\u00e9!<\/h3>\n<h5>AU PROGRAMME:<br \/>\nOn d\u00e9couvre, on go\u00fbte, on s&#8217;\u00e9veille, On shop, On d\u00e9guste, On participe, on \u00e9coute, On partage, On se retrouve!<\/h5>\n<p style=\"text-align: justify;\">Un \u00e9v\u00e8nement \u00e0 ne surtout pas manquer! La 2\u00e8me \u00e9dition de <a href=\"https:\/\/www.facebook.com\/events\/879266288788582\/\" target=\"_blank\">FOOD FOOD au coeur des vignes<\/a> aura lieu Samedi 10 Octobre \u00e0 partir de 11h et ce jusqu&#8217;au bout de la nuit, au domaine Viticole B\u00e9r\u00e9nas \u00e0 Nebian. Au programme bonne bouffe accompagn\u00e9e d&#8217;excellents vins dans une ambiance musicale et artistique et le tout dans un cadre magnifique au milieu des vignes. Vous l&#8217;aurez compris une excellente journ\u00e9e en perspective pour les amateurs de cuisine et de vins. Le principe est simple : balade au sein du domaine en d\u00e9gustant un verre (ou une bouteille !!!) de vin du domaine B\u00e9r\u00e9nas que vous pourrez associer \u00e0 des escargots ou huitres fraiches en ap\u00e9ritif et poursuivre avec des plats provenant de 5 Food Trucks. On en a d\u00e9j\u00e0 l&#8217;eau \u00e0 la bouche!<\/p>\n<h4 style=\"text-align: justify;\">Qui organise cet \u00e9v\u00e8nement?<\/h4>\n<p style=\"text-align: justify;\"><strong><em>Camille Deverly<\/em><\/strong>, 27 ans, passionn\u00e9e de vins et de <span style=\"color: #ff0000;\"><span style=\"color: #333333;\">bonne bouffe,\u00a0adorant les regroupements de personnes autour d&#8217;\u00e9v\u00e8nements artistique, musical et culinaire. Camille est fan de l&#8217;ambiance des march\u00e9s et c&#8217;est un peu pour cela qu&#8217;elle a choisi des stands Food Trucks pour son \u00e9v\u00e8nement. Elle souhaite ainsi promouvoir le domaine B\u00e9r\u00e8nas dans un contexte tendance, original et convivial.<\/span><\/span><\/p>\n<h4 style=\"text-align: justify;\">Parlons un peu de ces Food Trucks\u00a0&#8230;<\/h4>\n<p style=\"text-align: justify;\">Vous connaissez le principe? Des camions ambulants, proposant leur nourriture ou boissons directement pr\u00e9par\u00e9s dans les coulisses de leurs camions. Vous me direz, un peu comme un camion pizza, non? Je vous r\u00e9pondrais oui et non! Sur le principe, oui, il s&#8217;agit bien d&#8217;un v\u00e9hicule dans lequel on peut trouver de quoi se d\u00e9lecter. Mais je dirais, non, puisque leurs particularit\u00e9s sont d&#8217;\u00eatre ambulants, de proposer de la nourriture tendance, raffin\u00e9e, pr\u00e9par\u00e9e sous vos yeux (bien plus haut de gamme que les pizzas, vous l&#8217;aurez compris!) et d&#8217;\u00eatre superbement d\u00e9cor\u00e9s et attrayants. Le concept est \u00e0 l&#8217;origine am\u00e9ricain. Les Food Trucks ont \u00e9t\u00e9 tout d&#8217;abord utilis\u00e9s pour nourrir les migrants vers le Nord des Etats Unis, puis pour l&#8217;arm\u00e9e Am\u00e9ricaine et ont permis, apr\u00e8s l&#8217;ouragan Katrina, aux restaurateurs sans locaux de poursuivre leur activit\u00e9. Les Food Trucks sont ainsi devenus \u00e0 la mode et se sont r\u00e9pandus partout dans le monde.<\/p>\n<p style=\"text-align: justify;\"><a href=\"https:\/\/i0.wp.com\/www.unpetitoiseaudanslacuisine.com\/wp-content\/uploads\/2015\/10\/photo_chicago_becker_motor_company_ford_service_junior_lunch_car_in_front_note_cigars_and_candy_nonebetter_ice_cream_sepia_1920s.jpg?ssl=1\"><img decoding=\"async\" data-attachment-id=\"1775\" data-permalink=\"https:\/\/www.unpetitoiseaudanslacuisine.com\/en\/food-food-au-coeur-des-vignes-2eme-edition\/photo_chicago_becker_motor_company_ford_service_junior_lunch_car_in_front_note_cigars_and_candy_nonebetter_ice_cream_sepia_1920s\/\" data-orig-file=\"https:\/\/i0.wp.com\/www.unpetitoiseaudanslacuisine.com\/wp-content\/uploads\/2015\/10\/photo_chicago_becker_motor_company_ford_service_junior_lunch_car_in_front_note_cigars_and_candy_nonebetter_ice_cream_sepia_1920s.jpg?fit=640%2C447&amp;ssl=1\" data-orig-size=\"640,447\" data-comments-opened=\"1\" data-image-meta=\"{&quot;aperture&quot;:&quot;0&quot;,&quot;credit&quot;:&quot;&quot;,&quot;camera&quot;:&quot;&quot;,&quot;caption&quot;:&quot;&quot;,&quot;created_timestamp&quot;:&quot;0&quot;,&quot;copyright&quot;:&quot;&quot;,&quot;focal_length&quot;:&quot;0&quot;,&quot;iso&quot;:&quot;0&quot;,&quot;shutter_speed&quot;:&quot;0&quot;,&quot;title&quot;:&quot;&quot;,&quot;orientation&quot;:&quot;0&quot;}\" data-image-title=\"food food\" data-image-description=\"&lt;p&gt;food food&lt;\/p&gt;\n\" data-image-caption=\"\" data-medium-file=\"https:\/\/i0.wp.com\/www.unpetitoiseaudanslacuisine.com\/wp-content\/uploads\/2015\/10\/photo_chicago_becker_motor_company_ford_service_junior_lunch_car_in_front_note_cigars_and_candy_nonebetter_ice_cream_sepia_1920s.jpg?fit=300%2C210&amp;ssl=1\" data-large-file=\"https:\/\/i0.wp.com\/www.unpetitoiseaudanslacuisine.com\/wp-content\/uploads\/2015\/10\/photo_chicago_becker_motor_company_ford_service_junior_lunch_car_in_front_note_cigars_and_candy_nonebetter_ice_cream_sepia_1920s.jpg?fit=640%2C447&amp;ssl=1\" class=\"size-full wp-image-1775 aligncenter\" src=\"https:\/\/i0.wp.com\/www.unpetitoiseaudanslacuisine.com\/wp-content\/uploads\/2015\/10\/photo_chicago_becker_motor_company_ford_service_junior_lunch_car_in_front_note_cigars_and_candy_nonebetter_ice_cream_sepia_1920s.jpg?resize=640%2C447&#038;ssl=1\" alt=\"food food\" width=\"640\" height=\"447\" srcset=\"https:\/\/i0.wp.com\/www.unpetitoiseaudanslacuisine.com\/wp-content\/uploads\/2015\/10\/photo_chicago_becker_motor_company_ford_service_junior_lunch_car_in_front_note_cigars_and_candy_nonebetter_ice_cream_sepia_1920s.jpg?w=640&amp;ssl=1 640w, https:\/\/i0.wp.com\/www.unpetitoiseaudanslacuisine.com\/wp-content\/uploads\/2015\/10\/photo_chicago_becker_motor_company_ford_service_junior_lunch_car_in_front_note_cigars_and_candy_nonebetter_ice_cream_sepia_1920s.jpg?resize=300%2C210&amp;ssl=1 300w, https:\/\/i0.wp.com\/www.unpetitoiseaudanslacuisine.com\/wp-content\/uploads\/2015\/10\/photo_chicago_becker_motor_company_ford_service_junior_lunch_car_in_front_note_cigars_and_candy_nonebetter_ice_cream_sepia_1920s.jpg?resize=79%2C55&amp;ssl=1 79w\" sizes=\"(max-width: 640px) 100vw, 640px\" data-recalc-dims=\"1\" \/><\/a><\/p>\n<p style=\"text-align: justify;\"><a href=\"https:\/\/i0.wp.com\/www.unpetitoiseaudanslacuisine.com\/wp-content\/uploads\/2015\/10\/smuti.jpg?ssl=1\"><img decoding=\"async\" data-attachment-id=\"1777\" data-permalink=\"https:\/\/www.unpetitoiseaudanslacuisine.com\/en\/food-food-au-coeur-des-vignes-2eme-edition\/smuti\/\" data-orig-file=\"https:\/\/i0.wp.com\/www.unpetitoiseaudanslacuisine.com\/wp-content\/uploads\/2015\/10\/smuti.jpg?fit=960%2C640&amp;ssl=1\" data-orig-size=\"960,640\" data-comments-opened=\"1\" data-image-meta=\"{&quot;aperture&quot;:&quot;0&quot;,&quot;credit&quot;:&quot;&quot;,&quot;camera&quot;:&quot;&quot;,&quot;caption&quot;:&quot;&quot;,&quot;created_timestamp&quot;:&quot;0&quot;,&quot;copyright&quot;:&quot;&quot;,&quot;focal_length&quot;:&quot;0&quot;,&quot;iso&quot;:&quot;0&quot;,&quot;shutter_speed&quot;:&quot;0&quot;,&quot;title&quot;:&quot;&quot;,&quot;orientation&quot;:&quot;0&quot;}\" data-image-title=\"food food\" data-image-description=\"&lt;p&gt;food food&lt;\/p&gt;\n\" data-image-caption=\"\" data-medium-file=\"https:\/\/i0.wp.com\/www.unpetitoiseaudanslacuisine.com\/wp-content\/uploads\/2015\/10\/smuti.jpg?fit=300%2C200&amp;ssl=1\" data-large-file=\"https:\/\/i0.wp.com\/www.unpetitoiseaudanslacuisine.com\/wp-content\/uploads\/2015\/10\/smuti.jpg?fit=750%2C500&amp;ssl=1\" class=\"alignnone size-full wp-image-1777\" src=\"https:\/\/i0.wp.com\/www.unpetitoiseaudanslacuisine.com\/wp-content\/uploads\/2015\/10\/smuti.jpg?resize=750%2C500&#038;ssl=1\" alt=\"food food\" width=\"750\" height=\"500\" srcset=\"https:\/\/i0.wp.com\/www.unpetitoiseaudanslacuisine.com\/wp-content\/uploads\/2015\/10\/smuti.jpg?w=960&amp;ssl=1 960w, https:\/\/i0.wp.com\/www.unpetitoiseaudanslacuisine.com\/wp-content\/uploads\/2015\/10\/smuti.jpg?resize=300%2C200&amp;ssl=1 300w, https:\/\/i0.wp.com\/www.unpetitoiseaudanslacuisine.com\/wp-content\/uploads\/2015\/10\/smuti.jpg?resize=83%2C55&amp;ssl=1 83w, https:\/\/i0.wp.com\/www.unpetitoiseaudanslacuisine.com\/wp-content\/uploads\/2015\/10\/smuti.jpg?resize=750%2C500&amp;ssl=1 750w\" sizes=\"(max-width: 750px) 100vw, 750px\" data-recalc-dims=\"1\" \/><\/a><\/p>\n<p style=\"text-align: justify;\">Pour l&#8217;\u00e9v\u00e8nement, 5 Food Trucks seront pr\u00e9sents au domaine avec au menu :<\/p>\n<p style=\"text-align: justify;\"><a id=\"js_32\" href=\"https:\/\/www.facebook.com\/sacrebleu.foodtruck\" data-hovercard=\"\/ajax\/hovercard\/page.php?id=381741655323594&amp;extragetparams=%7B%22directed_target_id%22%3A879266288788582%7D\">Sacrebleu<\/a>\u00a0comme \u00e0 la maison mais en mieux encore!<br \/>\n<a id=\"js_2z\" href=\"https:\/\/www.facebook.com\/elcactusfoodtruck\" data-hovercard=\"\/ajax\/hovercard\/page.php?id=352673434936106&amp;extragetparams=%7B%22directed_target_id%22%3A879266288788582%7D\">El Cactus<\/a>\u00a0revisite le Mexique.<br \/>\n<a id=\"js_2w\" href=\"https:\/\/www.facebook.com\/truck2food\" data-hovercard=\"\/ajax\/hovercard\/page.php?id=433599250100982&amp;extragetparams=%7B%22directed_target_id%22%3A879266288788582%7D\">TrucK 2 FooD<\/a>\u00a0et sa cuisine des 4 coins du monde<span class=\"text_exposed_show\"><br \/>\n<a href=\"https:\/\/www.facebook.com\/Smuty.Comptoir.a.jus\" data-hovercard=\"\/ajax\/hovercard\/page.php?id=164191907041640&amp;extragetparams=%7B%22directed_target_id%22%3A879266288788582%7D\">Sm\u00fcty &#8211; comptoir \u00e0 jus<\/a>\u00a0Le Drink Truck!!<br \/>\n<a href=\"https:\/\/www.facebook.com\/StandBanhMi\" data-hovercard=\"\/ajax\/hovercard\/page.php?id=553271618136985&amp;extragetparams=%7B%22directed_target_id%22%3A879266288788582%7D\">Stand Banh Mi<\/a>\u00a0pour s&#8217;\u00e9vader au Vietnam<br \/>\n<a href=\"https:\/\/www.facebook.com\/lidida.delices\" data-hovercard=\"\/ajax\/hovercard\/page.php?id=652353288150737&amp;extragetparams=%7B%22directed_target_id%22%3A879266288788582%7D\">Lidida D\u00e9lices<\/a>\u00a0&amp; son couscous<\/span><\/p>\n<p style=\"text-align: justify;\">Vous retrouverez cette communaut\u00e9 de Food Trucks aux alentours de Montpellier et vous pourrez \u00e9galement faire appel \u00e0 eux pour vos \u00e9v\u00e8nements d&#8217;entreprise ou vos c\u00e9l\u00e9brations familiales: mariages, anniversaires&#8230;<\/p>\n<h4 style=\"text-align: justify;\">Et sinon, d&#8217;autres choses de pr\u00e9vues ?<\/h4>\n<p>Oui, Camille ne s&#8217;arr\u00eate pas l\u00e0! Un march\u00e9 de producteurs et de cr\u00e9ateurs sera pr\u00e9sent :<\/p>\n<p style=\"text-align: justify;\"><a href=\"https:\/\/www.facebook.com\/pages\/Kesara\/1429573337289126\" data-hovercard=\"\/ajax\/hovercard\/page.php?id=1429573337289126&amp;extragetparams=%7B%22directed_target_id%22%3A879266288788582%7D\">Kesara<\/a>\u00a0et ses produits safran\u00e9s<br \/>\n<a href=\"https:\/\/www.facebook.com\/mesruches\" data-hovercard=\"\/ajax\/hovercard\/page.php?id=857670200980989&amp;extragetparams=%7B%22directed_target_id%22%3A879266288788582%7D\">mesruches.com<\/a>, productions de nos amies les abeilles.<br \/>\nSpiruline &amp; Framboise.<br \/>\n<a href=\"https:\/\/www.facebook.com\/LesEscargotsDeLHerault\" data-hovercard=\"\/ajax\/hovercard\/page.php?id=333904423395109&amp;extragetparams=%7B%22directed_target_id%22%3A879266288788582%7D\">Les escargots de l&#8217;H\u00e9rault<\/a><br \/>\n<a href=\"https:\/\/www.facebook.com\/lecantalausoleil.fr\" data-hovercard=\"\/ajax\/hovercard\/page.php?id=533883170041852&amp;extragetparams=%7B%22directed_target_id%22%3A879266288788582%7D\">LE Cantal AU Soleil<\/a>\u00a0&#8211; Jambons et Fromages<br \/>\nSaveurs de vanille.<br \/>\n<a href=\"https:\/\/www.facebook.com\/ChillisandSpice\" data-hovercard=\"\/ajax\/hovercard\/page.php?id=1411786372391285&amp;extragetparams=%7B%22directed_target_id%22%3A879266288788582%7D\">Chillis and Spice<\/a><\/p>\n<p style=\"text-align: justify;\">Le Bar \u00e0 Hu\u00eetres<\/p>\n<p style=\"text-align: justify;\"><a href=\"https:\/\/www.facebook.com\/studiodadaparis\" data-hovercard=\"\/ajax\/hovercard\/page.php?id=186471711541437&amp;extragetparams=%7B%22directed_target_id%22%3A879266288788582%7D\">Studio DADA Paris<\/a><br \/>\nDAHU \u00c9dition<br \/>\nMarcange ou les pierres de zaza<br \/>\nLa brocante de Guy<br \/>\n<a href=\"https:\/\/www.facebook.com\/pages\/7galerie\/951069918278823\" data-hovercard=\"\/ajax\/hovercard\/page.php?id=951069918278823&amp;extragetparams=%7B%22directed_target_id%22%3A879266288788582%7D\">7galerie<\/a><br \/>\nSacs et Pochettes de Christine<\/p>\n<p style=\"text-align: justify;\">Mais encore, concert, DJ, expositions d&#8217;art et animations seront \u00e9galement de la partie ! :<\/p>\n<p style=\"text-align: center;\"><a href=\"https:\/\/i0.wp.com\/www.unpetitoiseaudanslacuisine.com\/wp-content\/uploads\/2015\/10\/art.jpg?ssl=1\"><img loading=\"lazy\" decoding=\"async\" data-attachment-id=\"1778\" data-permalink=\"https:\/\/www.unpetitoiseaudanslacuisine.com\/en\/food-food-au-coeur-des-vignes-2eme-edition\/art\/\" data-orig-file=\"https:\/\/i0.wp.com\/www.unpetitoiseaudanslacuisine.com\/wp-content\/uploads\/2015\/10\/art.jpg?fit=552%2C379&amp;ssl=1\" data-orig-size=\"552,379\" data-comments-opened=\"1\" data-image-meta=\"{&quot;aperture&quot;:&quot;0&quot;,&quot;credit&quot;:&quot;&quot;,&quot;camera&quot;:&quot;&quot;,&quot;caption&quot;:&quot;&quot;,&quot;created_timestamp&quot;:&quot;0&quot;,&quot;copyright&quot;:&quot;&quot;,&quot;focal_length&quot;:&quot;0&quot;,&quot;iso&quot;:&quot;0&quot;,&quot;shutter_speed&quot;:&quot;0&quot;,&quot;title&quot;:&quot;&quot;,&quot;orientation&quot;:&quot;0&quot;}\" data-image-title=\"food food\" data-image-description=\"&lt;p&gt;food food &lt;\/p&gt;\n\" data-image-caption=\"\" data-medium-file=\"https:\/\/i0.wp.com\/www.unpetitoiseaudanslacuisine.com\/wp-content\/uploads\/2015\/10\/art.jpg?fit=300%2C206&amp;ssl=1\" data-large-file=\"https:\/\/i0.wp.com\/www.unpetitoiseaudanslacuisine.com\/wp-content\/uploads\/2015\/10\/art.jpg?fit=552%2C379&amp;ssl=1\" class=\"alignnone size-full wp-image-1778\" src=\"https:\/\/i0.wp.com\/www.unpetitoiseaudanslacuisine.com\/wp-content\/uploads\/2015\/10\/art.jpg?resize=552%2C379&#038;ssl=1\" alt=\"food food \" width=\"552\" height=\"379\" srcset=\"https:\/\/i0.wp.com\/www.unpetitoiseaudanslacuisine.com\/wp-content\/uploads\/2015\/10\/art.jpg?w=552&amp;ssl=1 552w, https:\/\/i0.wp.com\/www.unpetitoiseaudanslacuisine.com\/wp-content\/uploads\/2015\/10\/art.jpg?resize=300%2C206&amp;ssl=1 300w, https:\/\/i0.wp.com\/www.unpetitoiseaudanslacuisine.com\/wp-content\/uploads\/2015\/10\/art.jpg?resize=80%2C55&amp;ssl=1 80w\" sizes=\"(max-width: 552px) 100vw, 552px\" data-recalc-dims=\"1\" \/><\/a><\/p>\n<p>\u261b DJSET x\u00a0<a href=\"https:\/\/www.facebook.com\/alexdavismusics\" data-hovercard=\"\/ajax\/hovercard\/page.php?id=112823712109442&amp;extragetparams=%7B%22directed_target_id%22%3A879266288788582%7D\">Alex Davis<\/a>\u00a0&amp; Friends<\/p>\n<p>\u261b EXPOSITIONS x\u00a0<a id=\"js_35\" href=\"https:\/\/www.facebook.com\/fashionchillart\" data-hovercard=\"\/ajax\/hovercard\/page.php?id=732743150146394&amp;extragetparams=%7B%22directed_target_id%22%3A879266288788582%7D\">NEED ART<\/a><br \/>\nQui nous pr\u00e9sentera sa selection d&#8217;artistes.<\/p>\n<p>\u261bANIMATIONS: Concours de p\u00e9tanque &amp; jeux de soci\u00e9t\u00e9s<\/p>\n<p>Et ne ratez pas LA TOMBOLA SURPRISE !<\/p>\n<p>Une entr\u00e9e participative de 1\u20ac vous sera demand\u00e9e pour aider Camille qui organise cet \u00e9v\u00e8nement pour Vous faire plaisir.<\/p>\n<p><a href=\"https:\/\/i0.wp.com\/www.unpetitoiseaudanslacuisine.com\/wp-content\/uploads\/2015\/10\/programme.jpg?ssl=1\"><img loading=\"lazy\" decoding=\"async\" data-attachment-id=\"1774\" data-permalink=\"https:\/\/www.unpetitoiseaudanslacuisine.com\/en\/food-food-au-coeur-des-vignes-2eme-edition\/programme\/\" data-orig-file=\"https:\/\/i0.wp.com\/www.unpetitoiseaudanslacuisine.com\/wp-content\/uploads\/2015\/10\/programme.jpg?fit=960%2C681&amp;ssl=1\" data-orig-size=\"960,681\" data-comments-opened=\"1\" data-image-meta=\"{&quot;aperture&quot;:&quot;0&quot;,&quot;credit&quot;:&quot;&quot;,&quot;camera&quot;:&quot;&quot;,&quot;caption&quot;:&quot;&quot;,&quot;created_timestamp&quot;:&quot;0&quot;,&quot;copyright&quot;:&quot;&quot;,&quot;focal_length&quot;:&quot;0&quot;,&quot;iso&quot;:&quot;0&quot;,&quot;shutter_speed&quot;:&quot;0&quot;,&quot;title&quot;:&quot;&quot;,&quot;orientation&quot;:&quot;0&quot;}\" data-image-title=\"food food\" data-image-description=\"&lt;p&gt;food food&lt;\/p&gt;\n\" data-image-caption=\"\" data-medium-file=\"https:\/\/i0.wp.com\/www.unpetitoiseaudanslacuisine.com\/wp-content\/uploads\/2015\/10\/programme.jpg?fit=300%2C213&amp;ssl=1\" data-large-file=\"https:\/\/i0.wp.com\/www.unpetitoiseaudanslacuisine.com\/wp-content\/uploads\/2015\/10\/programme.jpg?fit=750%2C532&amp;ssl=1\" class=\"alignnone size-full wp-image-1774\" src=\"https:\/\/i0.wp.com\/www.unpetitoiseaudanslacuisine.com\/wp-content\/uploads\/2015\/10\/programme.jpg?resize=750%2C532&#038;ssl=1\" alt=\"food food\" width=\"750\" height=\"532\" srcset=\"https:\/\/i0.wp.com\/www.unpetitoiseaudanslacuisine.com\/wp-content\/uploads\/2015\/10\/programme.jpg?w=960&amp;ssl=1 960w, https:\/\/i0.wp.com\/www.unpetitoiseaudanslacuisine.com\/wp-content\/uploads\/2015\/10\/programme.jpg?resize=300%2C213&amp;ssl=1 300w, https:\/\/i0.wp.com\/www.unpetitoiseaudanslacuisine.com\/wp-content\/uploads\/2015\/10\/programme.jpg?resize=78%2C55&amp;ssl=1 78w\" sizes=\"(max-width: 750px) 100vw, 750px\" data-recalc-dims=\"1\" \/><\/a><\/p>\n<p>La premi\u00e8re \u00e9dition en 2014 a regroup\u00e9 plus de 650 participants. Un v\u00e9ritable succ\u00e8s !<\/p>\n<p>Venez donc nombreux, entre amis, en famille, en couple, il y en aura pour tout le monde enfants et grands!<\/p>\n<p style=\"text-align: justify;\">Ne vous souciez pas de la m\u00e9t\u00e9o, Camille a tout pr\u00e9vu! Vous pourrez d\u00e9guster vos escargots, huitres, et bon petit plats sous des tentes en cas de mauvais temps. La d\u00e9gustation de vos vins se fera \u00e0 l&#8217;int\u00e9rieur, dans les chais du domaine.<\/p>\n<p style=\"text-align: justify;\">Alors, il vous tarde Samedi prochain?<\/p>\n<p style=\"text-align: justify;\">Moi OUI!<\/p>\n<p style=\"text-align: justify;\"><a href=\"https:\/\/i0.wp.com\/www.unpetitoiseaudanslacuisine.com\/wp-content\/uploads\/2015\/10\/IMG_2773.jpg?ssl=1\"><img loading=\"lazy\" decoding=\"async\" data-attachment-id=\"1779\" data-permalink=\"https:\/\/www.unpetitoiseaudanslacuisine.com\/en\/food-food-au-coeur-des-vignes-2eme-edition\/img_2773\/\" data-orig-file=\"https:\/\/i0.wp.com\/www.unpetitoiseaudanslacuisine.com\/wp-content\/uploads\/2015\/10\/IMG_2773.jpg?fit=2448%2C3264&amp;ssl=1\" data-orig-size=\"2448,3264\" data-comments-opened=\"1\" data-image-meta=\"{&quot;aperture&quot;:&quot;2.4&quot;,&quot;credit&quot;:&quot;&quot;,&quot;camera&quot;:&quot;iPhone 4S&quot;,&quot;caption&quot;:&quot;&quot;,&quot;created_timestamp&quot;:&quot;1401212848&quot;,&quot;copyright&quot;:&quot;&quot;,&quot;focal_length&quot;:&quot;4.28&quot;,&quot;iso&quot;:&quot;50&quot;,&quot;shutter_speed&quot;:&quot;0.00094161958568738&quot;,&quot;title&quot;:&quot;&quot;,&quot;orientation&quot;:&quot;1&quot;}\" data-image-title=\"food food\" data-image-description=\"&lt;p&gt;food food &lt;\/p&gt;\n\" data-image-caption=\"\" data-medium-file=\"https:\/\/i0.wp.com\/www.unpetitoiseaudanslacuisine.com\/wp-content\/uploads\/2015\/10\/IMG_2773.jpg?fit=225%2C300&amp;ssl=1\" data-large-file=\"https:\/\/i0.wp.com\/www.unpetitoiseaudanslacuisine.com\/wp-content\/uploads\/2015\/10\/IMG_2773.jpg?fit=750%2C1000&amp;ssl=1\" class=\"size-large wp-image-1779 aligncenter\" src=\"https:\/\/i0.wp.com\/www.unpetitoiseaudanslacuisine.com\/wp-content\/uploads\/2015\/10\/IMG_2773.jpg?resize=750%2C1000&#038;ssl=1\" alt=\"food food \" width=\"750\" height=\"1000\" srcset=\"https:\/\/i0.wp.com\/www.unpetitoiseaudanslacuisine.com\/wp-content\/uploads\/2015\/10\/IMG_2773.jpg?resize=768%2C1024&amp;ssl=1 768w, https:\/\/i0.wp.com\/www.unpetitoiseaudanslacuisine.com\/wp-content\/uploads\/2015\/10\/IMG_2773.jpg?resize=225%2C300&amp;ssl=1 225w, https:\/\/i0.wp.com\/www.unpetitoiseaudanslacuisine.com\/wp-content\/uploads\/2015\/10\/IMG_2773.jpg?resize=41%2C55&amp;ssl=1 41w, https:\/\/i0.wp.com\/www.unpetitoiseaudanslacuisine.com\/wp-content\/uploads\/2015\/10\/IMG_2773.jpg?w=1500&amp;ssl=1 1500w, https:\/\/i0.wp.com\/www.unpetitoiseaudanslacuisine.com\/wp-content\/uploads\/2015\/10\/IMG_2773.jpg?w=2250&amp;ssl=1 2250w\" sizes=\"(max-width: 750px) 100vw, 750px\" data-recalc-dims=\"1\" \/><\/a><\/p>\n<p style=\"text-align: justify;\">\n","protected":false},"excerpt":{"rendered":"<p>FOOD FOOD au coeur des vignes &#8211; 2\u00e8me EDITION On f\u00eate l&#8217;automne et on allonge l&#8217;\u00e9t\u00e9! AU PROGRAMME: On d\u00e9couvre, on go\u00fbte, on s&#8217;\u00e9veille, On shop, On d\u00e9guste, On participe, on \u00e9coute, On partage, On se retrouve! Un \u00e9v\u00e8nement \u00e0 ne surtout pas manquer! La 2\u00e8me \u00e9dition de FOOD FOOD au coeur des vignes aura [&hellip;]<\/p>\n","protected":false},"author":2,"featured_media":1773,"comment_status":"open","ping_status":"open","sticky":false,"template":"","format":"standard","meta":{"wprm-recipe-roundup-name":"","wprm-recipe-roundup-description":"","_exactmetrics_skip_tracking":false,"_exactmetrics_sitenote_active":false,"_exactmetrics_sitenote_note":"","_exactmetrics_sitenote_category":0,"jetpack_post_was_ever_published":false,"footnotes":"","jetpack_publicize_message":"","jetpack_is_tweetstorm":false,"jetpack_publicize_feature_enabled":true,"jetpack_social_post_already_shared":false,"jetpack_social_options":{"image_generator_settings":{"template":"highway","enabled":false}}},"categories":[53],"tags":[120,119],"class_list":["post-1769","post","type-post","status-publish","format-standard","has-post-thumbnail","hentry","category-articles","tag-berenas","tag-food-food"],"translation":{"provider":"WPGlobus","version":"2.10.10","language":"en","enabled_languages":["fr","en"],"languages":{"fr":{"title":true,"content":true,"excerpt":false},"en":{"title":false,"content":false,"excerpt":false}}},"jetpack_publicize_connections":[],"yoast_head":"<!-- This site is optimized with the Yoast SEO Premium plugin v19.5 (Yoast SEO v20.5) - https:\/\/yoast.com\/wordpress\/plugins\/seo\/ -->\n<title>FOOD FOOD au coeur des vignes - 2\u00e8me EDITION - Un petit Oiseau dans la Cuisine<\/title>\n<meta name=\"robots\" content=\"index, follow, max-snippet:-1, max-image-preview:large, max-video-preview:-1\" \/>\n<link rel=\"canonical\" href=\"https:\/\/www.unpetitoiseaudanslacuisine.com\/food-food-au-coeur-des-vignes-2eme-edition\/\" \/>\n<meta property=\"og:locale\" content=\"en_US\" \/>\n<meta property=\"og:type\" content=\"article\" \/>\n<meta property=\"og:title\" content=\"FOOD FOOD au coeur des vignes - 2\u00e8me EDITION - Un petit Oiseau dans la Cuisine\" \/>\n<meta property=\"og:url\" content=\"https:\/\/www.unpetitoiseaudanslacuisine.com\/food-food-au-coeur-des-vignes-2eme-edition\/\" \/>\n<meta property=\"og:site_name\" content=\"Un petit Oiseau dans la Cuisine\" \/>\n<meta property=\"article:publisher\" content=\"https:\/\/www.facebook.com\/unpetitoiseaudanslacuisine?ref=hl\" \/>\n<meta property=\"article:author\" content=\"https:\/\/www.facebook.com\/unpetitoiseaudanslacuisine\/\" \/>\n<meta property=\"article:published_time\" content=\"2015-10-03T09:18:48+00:00\" \/>\n<meta property=\"article:modified_time\" content=\"2015-10-12T07:03:39+00:00\" \/>\n<meta property=\"og:image\" content=\"https:\/\/i0.wp.com\/www.unpetitoiseaudanslacuisine.com\/wp-content\/uploads\/2015\/10\/food-food.jpg?fit=851%2C315&ssl=1\" \/>\n\t<meta property=\"og:image:width\" content=\"851\" \/>\n\t<meta property=\"og:image:height\" content=\"315\" \/>\n\t<meta property=\"og:image:type\" content=\"image\/jpeg\" \/>\n<meta name=\"author\" content=\"Eva\" \/>\n<meta name=\"twitter:card\" content=\"summary_large_image\" \/>\n<meta name=\"twitter:creator\" content=\"@Blakprada\" \/>\n<meta name=\"twitter:site\" content=\"@Blakprada\" \/>\n<meta name=\"twitter:label1\" content=\"Written by\" \/>\n\t<meta name=\"twitter:data1\" content=\"Eva\" \/>\n\t<meta name=\"twitter:label2\" content=\"Est. reading time\" \/>\n\t<meta name=\"twitter:data2\" content=\"4 minutes\" \/>\n<script type=\"application\/ld+json\" class=\"yoast-schema-graph\">{\"@context\":\"https:\/\/schema.org\",\"@graph\":[{\"@type\":\"Article\",\"@id\":\"https:\/\/www.unpetitoiseaudanslacuisine.com\/food-food-au-coeur-des-vignes-2eme-edition\/#article\",\"isPartOf\":{\"@id\":\"https:\/\/www.unpetitoiseaudanslacuisine.com\/food-food-au-coeur-des-vignes-2eme-edition\/\"},\"author\":{\"name\":\"Eva\",\"@id\":\"https:\/\/www.unpetitoiseaudanslacuisine.com\/#\/schema\/person\/818491c4d8414a773aca407bff3b1c57\"},\"headline\":\"FOOD FOOD au coeur des vignes &#8211; 2\u00e8me EDITION\",\"datePublished\":\"2015-10-03T09:18:48+00:00\",\"dateModified\":\"2015-10-12T07:03:39+00:00\",\"mainEntityOfPage\":{\"@id\":\"https:\/\/www.unpetitoiseaudanslacuisine.com\/food-food-au-coeur-des-vignes-2eme-edition\/\"},\"wordCount\":765,\"commentCount\":0,\"publisher\":{\"@id\":\"https:\/\/www.unpetitoiseaudanslacuisine.com\/#organization\"},\"keywords\":[\"Ber\u00e9nas\",\"food food\"],\"articleSection\":[\"Around the World\"],\"inLanguage\":\"en-US\",\"potentialAction\":[{\"@type\":\"CommentAction\",\"name\":\"Comment\",\"target\":[\"https:\/\/www.unpetitoiseaudanslacuisine.com\/food-food-au-coeur-des-vignes-2eme-edition\/#respond\"]}]},{\"@type\":\"WebPage\",\"@id\":\"https:\/\/www.unpetitoiseaudanslacuisine.com\/food-food-au-coeur-des-vignes-2eme-edition\/\",\"url\":\"https:\/\/www.unpetitoiseaudanslacuisine.com\/food-food-au-coeur-des-vignes-2eme-edition\/\",\"name\":\"FOOD FOOD au coeur des vignes - 2\u00e8me EDITION - Un petit Oiseau dans la Cuisine\",\"isPartOf\":{\"@id\":\"https:\/\/www.unpetitoiseaudanslacuisine.com\/#website\"},\"datePublished\":\"2015-10-03T09:18:48+00:00\",\"dateModified\":\"2015-10-12T07:03:39+00:00\",\"description\":\"On f\u00eate l'automne et on allonge l'\u00e9t\u00e9! On d\u00e9couvre, on go\u00fbte, on s'\u00e9veille, On shop, On d\u00e9guste, On participe, on \u00e9coute, On partage, On se retrouve!\",\"breadcrumb\":{\"@id\":\"https:\/\/www.unpetitoiseaudanslacuisine.com\/food-food-au-coeur-des-vignes-2eme-edition\/#breadcrumb\"},\"inLanguage\":\"en-US\",\"potentialAction\":[{\"@type\":\"ReadAction\",\"target\":[\"https:\/\/www.unpetitoiseaudanslacuisine.com\/food-food-au-coeur-des-vignes-2eme-edition\/\"]}]},{\"@type\":\"BreadcrumbList\",\"@id\":\"https:\/\/www.unpetitoiseaudanslacuisine.com\/food-food-au-coeur-des-vignes-2eme-edition\/#breadcrumb\",\"itemListElement\":[{\"@type\":\"ListItem\",\"position\":1,\"name\":\"Accueil\",\"item\":\"https:\/\/www.unpetitoiseaudanslacuisine.com\/\"},{\"@type\":\"ListItem\",\"position\":2,\"name\":\"FOOD FOOD au coeur des vignes &#8211; 2\u00e8me EDITION\"}]},{\"@type\":\"WebSite\",\"@id\":\"https:\/\/www.unpetitoiseaudanslacuisine.com\/#website\",\"url\":\"https:\/\/www.unpetitoiseaudanslacuisine.com\/\",\"name\":\"Un petit Oiseau dans la Cuisine\",\"description\":\"Amazing food for healthy people\",\"publisher\":{\"@id\":\"https:\/\/www.unpetitoiseaudanslacuisine.com\/#organization\"},\"potentialAction\":[{\"@type\":\"SearchAction\",\"target\":{\"@type\":\"EntryPoint\",\"urlTemplate\":\"https:\/\/www.unpetitoiseaudanslacuisine.com\/?s={search_term_string}\"},\"query-input\":\"required name=search_term_string\"}],\"inLanguage\":\"en-US\"},{\"@type\":\"Organization\",\"@id\":\"https:\/\/www.unpetitoiseaudanslacuisine.com\/#organization\",\"name\":\"Un petit Oiseau dans la Cuisine\",\"url\":\"https:\/\/www.unpetitoiseaudanslacuisine.com\/\",\"logo\":{\"@type\":\"ImageObject\",\"inLanguage\":\"en-US\",\"@id\":\"https:\/\/www.unpetitoiseaudanslacuisine.com\/#\/schema\/logo\/image\/\",\"url\":\"https:\/\/www.unpetitoiseaudanslacuisine.com\/wp-content\/uploads\/2019\/12\/Copy-of-Copy-of-Copy-of-Copy-of-Copy-of-Copy-of-Copy-of-Copy-of-Copy-of-Copy-of-LOGO-3.png\",\"contentUrl\":\"https:\/\/www.unpetitoiseaudanslacuisine.com\/wp-content\/uploads\/2019\/12\/Copy-of-Copy-of-Copy-of-Copy-of-Copy-of-Copy-of-Copy-of-Copy-of-Copy-of-Copy-of-LOGO-3.png\",\"width\":960,\"height\":540,\"caption\":\"Un petit Oiseau dans la Cuisine\"},\"image\":{\"@id\":\"https:\/\/www.unpetitoiseaudanslacuisine.com\/#\/schema\/logo\/image\/\"},\"sameAs\":[\"https:\/\/www.facebook.com\/unpetitoiseaudanslacuisine?ref=hl\",\"https:\/\/twitter.com\/Blakprada\"]},{\"@type\":\"Person\",\"@id\":\"https:\/\/www.unpetitoiseaudanslacuisine.com\/#\/schema\/person\/818491c4d8414a773aca407bff3b1c57\",\"name\":\"Eva\",\"image\":{\"@type\":\"ImageObject\",\"inLanguage\":\"en-US\",\"@id\":\"https:\/\/www.unpetitoiseaudanslacuisine.com\/#\/schema\/person\/image\/\",\"url\":\"https:\/\/secure.gravatar.com\/avatar\/27a7985b57debf7d4e602f9185d8cca81d1fe7279241f08bc61724059dcd0136?s=96&d=mm&r=g\",\"contentUrl\":\"https:\/\/secure.gravatar.com\/avatar\/27a7985b57debf7d4e602f9185d8cca81d1fe7279241f08bc61724059dcd0136?s=96&d=mm&r=g\",\"caption\":\"Eva\"},\"sameAs\":[\"https:\/\/www.unpetitoiseaudanslacuisine.com\",\"https:\/\/www.facebook.com\/unpetitoiseaudanslacuisine\/\",\"https:\/\/www.instagram.com\/unpetitoiseaudanslacuisine\/\"]}]}<\/script>\n<!-- \/ Yoast SEO Premium plugin. -->","yoast_head_json":{"title":"FOOD FOOD au coeur des vignes - 2\u00e8me EDITION - Un petit Oiseau dans la Cuisine","robots":{"index":"index","follow":"follow","max-snippet":"max-snippet:-1","max-image-preview":"max-image-preview:large","max-video-preview":"max-video-preview:-1"},"canonical":"https:\/\/www.unpetitoiseaudanslacuisine.com\/food-food-au-coeur-des-vignes-2eme-edition\/","og_locale":"en_US","og_type":"article","og_title":"FOOD FOOD au coeur des vignes - 2\u00e8me EDITION - Un petit Oiseau dans la Cuisine","og_url":"https:\/\/www.unpetitoiseaudanslacuisine.com\/food-food-au-coeur-des-vignes-2eme-edition\/","og_site_name":"Un petit Oiseau dans la Cuisine","article_publisher":"https:\/\/www.facebook.com\/unpetitoiseaudanslacuisine?ref=hl","article_author":"https:\/\/www.facebook.com\/unpetitoiseaudanslacuisine\/","article_published_time":"2015-10-03T09:18:48+00:00","article_modified_time":"2015-10-12T07:03:39+00:00","og_image":[{"width":851,"height":315,"url":"https:\/\/i0.wp.com\/www.unpetitoiseaudanslacuisine.com\/wp-content\/uploads\/2015\/10\/food-food.jpg?fit=851%2C315&ssl=1","type":"image\/jpeg"}],"author":"Eva","twitter_card":"summary_large_image","twitter_creator":"@Blakprada","twitter_site":"@Blakprada","twitter_misc":{"Written by":"Eva","Est. reading time":"4 minutes"},"schema":{"@context":"https:\/\/schema.org","@graph":[{"@type":"Article","@id":"https:\/\/www.unpetitoiseaudanslacuisine.com\/food-food-au-coeur-des-vignes-2eme-edition\/#article","isPartOf":{"@id":"https:\/\/www.unpetitoiseaudanslacuisine.com\/food-food-au-coeur-des-vignes-2eme-edition\/"},"author":{"name":"Eva","@id":"https:\/\/www.unpetitoiseaudanslacuisine.com\/#\/schema\/person\/818491c4d8414a773aca407bff3b1c57"},"headline":"FOOD FOOD au coeur des vignes &#8211; 2\u00e8me EDITION","datePublished":"2015-10-03T09:18:48+00:00","dateModified":"2015-10-12T07:03:39+00:00","mainEntityOfPage":{"@id":"https:\/\/www.unpetitoiseaudanslacuisine.com\/food-food-au-coeur-des-vignes-2eme-edition\/"},"wordCount":765,"commentCount":0,"publisher":{"@id":"https:\/\/www.unpetitoiseaudanslacuisine.com\/#organization"},"keywords":["Ber\u00e9nas","food food"],"articleSection":["Around the World"],"inLanguage":"en-US","potentialAction":[{"@type":"CommentAction","name":"Comment","target":["https:\/\/www.unpetitoiseaudanslacuisine.com\/food-food-au-coeur-des-vignes-2eme-edition\/#respond"]}]},{"@type":"WebPage","@id":"https:\/\/www.unpetitoiseaudanslacuisine.com\/food-food-au-coeur-des-vignes-2eme-edition\/","url":"https:\/\/www.unpetitoiseaudanslacuisine.com\/food-food-au-coeur-des-vignes-2eme-edition\/","name":"FOOD FOOD au coeur des vignes - 2\u00e8me EDITION - Un petit Oiseau dans la Cuisine","isPartOf":{"@id":"https:\/\/www.unpetitoiseaudanslacuisine.com\/#website"},"datePublished":"2015-10-03T09:18:48+00:00","dateModified":"2015-10-12T07:03:39+00:00","description":"On f\u00eate l'automne et on allonge l'\u00e9t\u00e9! On d\u00e9couvre, on go\u00fbte, on s'\u00e9veille, On shop, On d\u00e9guste, On participe, on \u00e9coute, On partage, On se retrouve!","breadcrumb":{"@id":"https:\/\/www.unpetitoiseaudanslacuisine.com\/food-food-au-coeur-des-vignes-2eme-edition\/#breadcrumb"},"inLanguage":"en-US","potentialAction":[{"@type":"ReadAction","target":["https:\/\/www.unpetitoiseaudanslacuisine.com\/food-food-au-coeur-des-vignes-2eme-edition\/"]}]},{"@type":"BreadcrumbList","@id":"https:\/\/www.unpetitoiseaudanslacuisine.com\/food-food-au-coeur-des-vignes-2eme-edition\/#breadcrumb","itemListElement":[{"@type":"ListItem","position":1,"name":"Accueil","item":"https:\/\/www.unpetitoiseaudanslacuisine.com\/"},{"@type":"ListItem","position":2,"name":"FOOD FOOD au coeur des vignes &#8211; 2\u00e8me EDITION"}]},{"@type":"WebSite","@id":"https:\/\/www.unpetitoiseaudanslacuisine.com\/#website","url":"https:\/\/www.unpetitoiseaudanslacuisine.com\/","name":"Un petit Oiseau dans la Cuisine","description":"Amazing food for healthy people","publisher":{"@id":"https:\/\/www.unpetitoiseaudanslacuisine.com\/#organization"},"potentialAction":[{"@type":"SearchAction","target":{"@type":"EntryPoint","urlTemplate":"https:\/\/www.unpetitoiseaudanslacuisine.com\/?s={search_term_string}"},"query-input":"required name=search_term_string"}],"inLanguage":"en-US"},{"@type":"Organization","@id":"https:\/\/www.unpetitoiseaudanslacuisine.com\/#organization","name":"Un petit Oiseau dans la Cuisine","url":"https:\/\/www.unpetitoiseaudanslacuisine.com\/","logo":{"@type":"ImageObject","inLanguage":"en-US","@id":"https:\/\/www.unpetitoiseaudanslacuisine.com\/#\/schema\/logo\/image\/","url":"https:\/\/www.unpetitoiseaudanslacuisine.com\/wp-content\/uploads\/2019\/12\/Copy-of-Copy-of-Copy-of-Copy-of-Copy-of-Copy-of-Copy-of-Copy-of-Copy-of-Copy-of-LOGO-3.png","contentUrl":"https:\/\/www.unpetitoiseaudanslacuisine.com\/wp-content\/uploads\/2019\/12\/Copy-of-Copy-of-Copy-of-Copy-of-Copy-of-Copy-of-Copy-of-Copy-of-Copy-of-Copy-of-LOGO-3.png","width":960,"height":540,"caption":"Un petit Oiseau dans la Cuisine"},"image":{"@id":"https:\/\/www.unpetitoiseaudanslacuisine.com\/#\/schema\/logo\/image\/"},"sameAs":["https:\/\/www.facebook.com\/unpetitoiseaudanslacuisine?ref=hl","https:\/\/twitter.com\/Blakprada"]},{"@type":"Person","@id":"https:\/\/www.unpetitoiseaudanslacuisine.com\/#\/schema\/person\/818491c4d8414a773aca407bff3b1c57","name":"Eva","image":{"@type":"ImageObject","inLanguage":"en-US","@id":"https:\/\/www.unpetitoiseaudanslacuisine.com\/#\/schema\/person\/image\/","url":"https:\/\/secure.gravatar.com\/avatar\/27a7985b57debf7d4e602f9185d8cca81d1fe7279241f08bc61724059dcd0136?s=96&d=mm&r=g","contentUrl":"https:\/\/secure.gravatar.com\/avatar\/27a7985b57debf7d4e602f9185d8cca81d1fe7279241f08bc61724059dcd0136?s=96&d=mm&r=g","caption":"Eva"},"sameAs":["https:\/\/www.unpetitoiseaudanslacuisine.com","https:\/\/www.facebook.com\/unpetitoiseaudanslacuisine\/","https:\/\/www.instagram.com\/unpetitoiseaudanslacuisine\/"]}]}},"jetpack_featured_media_url":"https:\/\/i0.wp.com\/www.unpetitoiseaudanslacuisine.com\/wp-content\/uploads\/2015\/10\/food-food.jpg?fit=851%2C315&ssl=1","jetpack_sharing_enabled":true,"jetpack_shortlink":"https:\/\/wp.me\/p87SV0-sx","jetpack-related-posts":[{"id":1968,"url":"https:\/\/www.unpetitoiseaudanslacuisine.com\/en\/petits-ecoliers\/","url_meta":{"origin":1769,"position":0},"title":"French shortbreads &#8220;Petits \u00e9coliers&#8221;","date":"17 November 2015","format":false,"excerpt":"{:fr}Petits \u00e9coliers Battle Food # 37 l Switch language for recipe in English l Nous nous retrouvons\u00a0aujourd\u2019hui pour une\u00a0Battle food, un d\u00e9fi cr\u00e9\u00e9 par Carole du fabuleux blog\u00a0Sunrise Over Sea\u00a0et\u00a0organis\u00e9 pour cette 37\u00e8me \u00e9dition par Julia du tr\u00e8s gourmand blog Les Cookines. Pour son th\u00e8me, elle\u00a0a eu la bonne id\u00e9e\u2026","rel":"","context":"In &quot;Shortbreads and small cakes&quot;","img":{"alt_text":"","src":"https:\/\/i0.wp.com\/www.unpetitoiseaudanslacuisine.com\/wp-content\/uploads\/cache\/2015\/11\/P1040801-1\/1882880720.jpg?resize=350%2C200&ssl=1","width":350,"height":200},"classes":[]},{"id":3842,"url":"https:\/\/www.unpetitoiseaudanslacuisine.com\/en\/nuage-de-coco-sur-lit-chocolate\/","url_meta":{"origin":1769,"position":1},"title":"Chocolate fondant cake with a coconut cloud","date":"28 February 2016","format":false,"excerpt":"{:fr}Nuage de coco sur lit chocolat\u00e9 l Switch language for recipe in English l C\u2019est l'heure de la 40\u00e8me \u00e9dition de la\u00a0Battle Food, sous le th\u00e8me \"Un nuage de chocolat\"\u00a0. Cette \u00e9dition est organis\u00e9e par Sylvia d'\u00a0Evin sur son nuage.\u00a0La\u00a0Battle Food, c\u2019est un d\u00e9fi culinaire ouvert \u00e0 tous, qui a\u2026","rel":"","context":"In &quot;Cake&quot;","img":{"alt_text":"","src":"https:\/\/i0.wp.com\/www.unpetitoiseaudanslacuisine.com\/wp-content\/uploads\/cache\/2016\/02\/P1070738\/2788300368.jpg?resize=350%2C200&ssl=1","width":350,"height":200},"classes":[]},{"id":3688,"url":"https:\/\/www.unpetitoiseaudanslacuisine.com\/en\/brioche-aux-perles-de-sucre\/","url_meta":{"origin":1769,"position":2},"title":"Pearl sugar brioche","date":"6 March 2016","format":false,"excerpt":"{:fr} Brioche aux perles de sucre l Switch language for recipe in English l Que diriez vous d'une brioche super moelleuse au parfum de fleur d'oranger et au sucre perl\u00e9 croquant? Cette brioche est une de mes favorites! Elle ne contient pas trop de beurre, n'est pas difficile \u00e0 r\u00e9aliser,\u2026","rel":"","context":"In &quot;Brioches&quot;","img":{"alt_text":"Brioche aux perles de sucre","src":"https:\/\/i0.wp.com\/www.unpetitoiseaudanslacuisine.com\/wp-content\/uploads\/cache\/2016\/03\/P1070449\/1650985799.jpg?resize=350%2C200&ssl=1","width":350,"height":200},"classes":[]},{"id":6497,"url":"https:\/\/www.unpetitoiseaudanslacuisine.com\/en\/pesto-de-kale\/","url_meta":{"origin":1769,"position":3},"title":"Kale Pesto","date":"14 October 2017","format":false,"excerpt":"{:fr} l Switch language for recipe in English l Pour un bol de pesto Temps de pr\u00e9paration: 15 min [ingredients title=\"Ingredients\"] 200g de chou kale 35g de noix 50g de parmesan le jus de 1 citron 3 c\u00e0s d\u2019eau 1 cas d\u2019huile Sel et\u00a0Poivre Flocons de piment rouge [\/ingredients] PREPARATION\u2026","rel":"","context":"In &quot;Sides&quot;","img":{"alt_text":"","src":"https:\/\/i0.wp.com\/www.unpetitoiseaudanslacuisine.com\/wp-content\/uploads\/cache\/2017\/10\/IMG_2279\/3429622341.jpg?resize=350%2C200&ssl=1","width":350,"height":200},"classes":[]},{"id":5389,"url":"https:\/\/www.unpetitoiseaudanslacuisine.com\/en\/the-energizer-smoothie\/","url_meta":{"origin":1769,"position":4},"title":"The Energizer Smoothie","date":"22 January 2017","format":false,"excerpt":"{:fr}The Energizer Smoothie l Switch language for recipe in English\u00a0l Je vous propose une nouvelle id\u00e9e de smoothie \u00e9nergisant gr\u00e2ce aux bienfaits du miel, des fruits, des graines de chia et de la poudre d'A\u00e7a\u00ef. Le miel joue ici le r\u00f4le de carburant pour d\u00e9contracter les muscles, les fruits apportent\u2026","rel":"","context":"In &quot;Drink &amp; smoothie&quot;","img":{"alt_text":"","src":"https:\/\/i0.wp.com\/www.unpetitoiseaudanslacuisine.com\/wp-content\/uploads\/cache\/2017\/01\/P1100391\/3125507927.jpg?resize=350%2C200&ssl=1","width":350,"height":200},"classes":[]},{"id":8324,"url":"https:\/\/www.unpetitoiseaudanslacuisine.com\/en\/%f0%9f%a5%a6-ateliers-culinaires-batch-cooking-meal-prep-%f0%9f%8d%8e\/","url_meta":{"origin":1769,"position":5},"title":"? WORKSHOP : Batch cooking \/\/ Meal prep ?","date":"17 March 2019","format":false,"excerpt":"{:fr}\u00a0 ? ATELIERS CULINAIRES : Batch cooking \/\/ Meal prep ? Savez vous ce qu\u2019est le batch cooking? Il s\u2019agit de passer 2h en cuisine pour toute la semaine! V\u00e9ritable art de cuisiner ses repas \u00e0 l\u2019avance, cette tendance d\u2019origine anglo-saxonne nous permet de gagner du temps en cuisine pour\u2026","rel":"","context":"In &quot;Vegetables &amp; Legumes&quot;","img":{"alt_text":"","src":"https:\/\/i0.wp.com\/www.unpetitoiseaudanslacuisine.com\/wp-content\/uploads\/cache\/2019\/03\/IMG_2673\/4050712821.jpg?resize=350%2C200&ssl=1","width":350,"height":200},"classes":[]}],"_links":{"self":[{"href":"https:\/\/www.unpetitoiseaudanslacuisine.com\/en\/wp-json\/wp\/v2\/posts\/1769","targetHints":{"allow":["GET"]}}],"collection":[{"href":"https:\/\/www.unpetitoiseaudanslacuisine.com\/en\/wp-json\/wp\/v2\/posts"}],"about":[{"href":"https:\/\/www.unpetitoiseaudanslacuisine.com\/en\/wp-json\/wp\/v2\/types\/post"}],"author":[{"embeddable":true,"href":"https:\/\/www.unpetitoiseaudanslacuisine.com\/en\/wp-json\/wp\/v2\/users\/2"}],"replies":[{"embeddable":true,"href":"https:\/\/www.unpetitoiseaudanslacuisine.com\/en\/wp-json\/wp\/v2\/comments?post=1769"}],"version-history":[{"count":0,"href":"https:\/\/www.unpetitoiseaudanslacuisine.com\/en\/wp-json\/wp\/v2\/posts\/1769\/revisions"}],"wp:featuredmedia":[{"embeddable":true,"href":"https:\/\/www.unpetitoiseaudanslacuisine.com\/en\/wp-json\/wp\/v2\/media\/1773"}],"wp:attachment":[{"href":"https:\/\/www.unpetitoiseaudanslacuisine.com\/en\/wp-json\/wp\/v2\/media?parent=1769"}],"wp:term":[{"taxonomy":"category","embeddable":true,"href":"https:\/\/www.unpetitoiseaudanslacuisine.com\/en\/wp-json\/wp\/v2\/categories?post=1769"},{"taxonomy":"post_tag","embeddable":true,"href":"https:\/\/www.unpetitoiseaudanslacuisine.com\/en\/wp-json\/wp\/v2\/tags?post=1769"}],"curies":[{"name":"wp","href":"https:\/\/api.w.org\/{rel}","templated":true}]}}