{"id":4096,"date":"2016-03-26T19:07:46","date_gmt":"2016-03-26T18:07:46","guid":{"rendered":"https:\/\/www.unpetitoiseaudanslacuisine.com\/?p=4096"},"modified":"2019-12-26T17:01:11","modified_gmt":"2019-12-26T16:01:11","slug":"breakfast-in-a-jar-petit-dej-bocal-gf","status":"publish","type":"post","link":"https:\/\/www.unpetitoiseaudanslacuisine.com\/en\/breakfast-in-a-jar-petit-dej-bocal-gf\/","title":{"rendered":"Breakfast in a jar (GF)"},"content":{"rendered":"<h1 style=\"text-align: center;\">Breakfast in a jar\u00a0(GF)<\/h1>\n<p><a href=\"https:\/\/i0.wp.com\/www.unpetitoiseaudanslacuisine.com\/wp-content\/uploads\/2016\/03\/P1080154.jpg?ssl=1\" rel=\"attachment wp-att-4101\"><img fetchpriority=\"high\" decoding=\"async\" data-attachment-id=\"4101\" data-permalink=\"https:\/\/www.unpetitoiseaudanslacuisine.com\/en\/breakfast-in-a-jar-petit-dej-bocal-gf\/p1080154\/\" data-orig-file=\"https:\/\/i0.wp.com\/www.unpetitoiseaudanslacuisine.com\/wp-content\/uploads\/2016\/03\/P1080154.jpg?fit=3204%2C3559&amp;ssl=1\" data-orig-size=\"3204,3559\" data-comments-opened=\"1\" data-image-meta=\"{&quot;aperture&quot;:&quot;2.8&quot;,&quot;credit&quot;:&quot;&quot;,&quot;camera&quot;:&quot;DMC-FZ62&quot;,&quot;caption&quot;:&quot;&quot;,&quot;created_timestamp&quot;:&quot;1458776037&quot;,&quot;copyright&quot;:&quot;&quot;,&quot;focal_length&quot;:&quot;4.5&quot;,&quot;iso&quot;:&quot;400&quot;,&quot;shutter_speed&quot;:&quot;0.033333333333333&quot;,&quot;title&quot;:&quot;&quot;,&quot;orientation&quot;:&quot;1&quot;}\" data-image-title=\"Breakfast in a jar\" data-image-description=\"\" data-image-caption=\"\" data-medium-file=\"https:\/\/i0.wp.com\/www.unpetitoiseaudanslacuisine.com\/wp-content\/uploads\/2016\/03\/P1080154.jpg?fit=270%2C300&amp;ssl=1\" data-large-file=\"https:\/\/i0.wp.com\/www.unpetitoiseaudanslacuisine.com\/wp-content\/uploads\/2016\/03\/P1080154.jpg?fit=750%2C833&amp;ssl=1\" class=\"size-large wp-image-4101 aligncenter\" src=\"https:\/\/i0.wp.com\/www.unpetitoiseaudanslacuisine.com\/wp-content\/uploads\/2016\/03\/P1080154.jpg?resize=750%2C833&#038;ssl=1\" alt=\"Breakfast in a jar\" width=\"750\" height=\"833\" srcset=\"https:\/\/i0.wp.com\/www.unpetitoiseaudanslacuisine.com\/wp-content\/uploads\/2016\/03\/P1080154.jpg?resize=922%2C1024&amp;ssl=1 922w, https:\/\/i0.wp.com\/www.unpetitoiseaudanslacuisine.com\/wp-content\/uploads\/2016\/03\/P1080154.jpg?resize=270%2C300&amp;ssl=1 270w, https:\/\/i0.wp.com\/www.unpetitoiseaudanslacuisine.com\/wp-content\/uploads\/2016\/03\/P1080154.jpg?resize=768%2C853&amp;ssl=1 768w, https:\/\/i0.wp.com\/www.unpetitoiseaudanslacuisine.com\/wp-content\/uploads\/2016\/03\/P1080154.jpg?resize=50%2C55&amp;ssl=1 50w, https:\/\/i0.wp.com\/www.unpetitoiseaudanslacuisine.com\/wp-content\/uploads\/2016\/03\/P1080154.jpg?w=1500&amp;ssl=1 1500w, https:\/\/i0.wp.com\/www.unpetitoiseaudanslacuisine.com\/wp-content\/uploads\/2016\/03\/P1080154.jpg?w=2250&amp;ssl=1 2250w\" sizes=\"(max-width: 750px) 100vw, 750px\" data-recalc-dims=\"1\" \/><\/a><\/p>\n<p style=\"text-align: center;\"><span style=\"color: #ff9900;\"><strong>l Switch language for recipe in French\u00a0l<\/strong><\/span><\/p>\n<h4 style=\"text-align: left;\">Breakfast in a jar<\/h4>\n<p>For 2 jars<\/p>\n<p>Preparation time: 15min, Time to rest: 30min or over the night<\/p>\n<p>[ingredients title=&#8221;Ingredients&#8221;]<\/p>\n<ul>\n<li class=\"ingredient\">4\u00a0slices of pineapple<\/li>\n<li class=\"ingredient\">12 strawberries<\/li>\n<li class=\"ingredient\">12 raspberry<\/li>\n<li class=\"ingredient\">200g frozen fruits of your choice\u00a0(I chose strawberries)<\/li>\n<li class=\"ingredient\">1 glass of milk\u00a0(cow, almond, rice, &#8230; )<\/li>\n<li class=\"ingredient\">330ml\u00a0coconut milk<\/li>\n<li class=\"ingredient\">1 \u00e0 2 c\u00e0s\u00a0honey<\/li>\n<li class=\"ingredient\">1 large tbsp of chia seeds<\/li>\n<li class=\"ingredient\">some almonds<\/li>\n<li class=\"ingredient\">some coconut chips<\/li>\n<\/ul>\n<p>[\/ingredients]<\/p>\n<p><a href=\"https:\/\/i0.wp.com\/www.unpetitoiseaudanslacuisine.com\/wp-content\/uploads\/2016\/03\/P1080147.jpg?ssl=1\" rel=\"attachment wp-att-4103\"><img decoding=\"async\" data-attachment-id=\"4103\" data-permalink=\"https:\/\/www.unpetitoiseaudanslacuisine.com\/en\/p1080147\/\" data-orig-file=\"https:\/\/i0.wp.com\/www.unpetitoiseaudanslacuisine.com\/wp-content\/uploads\/2016\/03\/P1080147.jpg?fit=3456%2C3857&amp;ssl=1\" data-orig-size=\"3456,3857\" data-comments-opened=\"1\" data-image-meta=\"{&quot;aperture&quot;:&quot;2.8&quot;,&quot;credit&quot;:&quot;&quot;,&quot;camera&quot;:&quot;DMC-FZ62&quot;,&quot;caption&quot;:&quot;&quot;,&quot;created_timestamp&quot;:&quot;1458775988&quot;,&quot;copyright&quot;:&quot;&quot;,&quot;focal_length&quot;:&quot;4.5&quot;,&quot;iso&quot;:&quot;400&quot;,&quot;shutter_speed&quot;:&quot;0.04&quot;,&quot;title&quot;:&quot;&quot;,&quot;orientation&quot;:&quot;1&quot;}\" data-image-title=\"Breakfast in a jar\" data-image-description=\"\" data-image-caption=\"\" data-medium-file=\"https:\/\/i0.wp.com\/www.unpetitoiseaudanslacuisine.com\/wp-content\/uploads\/2016\/03\/P1080147.jpg?fit=269%2C300&amp;ssl=1\" data-large-file=\"https:\/\/i0.wp.com\/www.unpetitoiseaudanslacuisine.com\/wp-content\/uploads\/2016\/03\/P1080147.jpg?fit=750%2C837&amp;ssl=1\" class=\"size-large wp-image-4103 aligncenter\" src=\"https:\/\/i0.wp.com\/www.unpetitoiseaudanslacuisine.com\/wp-content\/uploads\/2016\/03\/P1080147.jpg?resize=750%2C837&#038;ssl=1\" alt=\"Breakfast in a jar\" width=\"750\" height=\"837\" srcset=\"https:\/\/i0.wp.com\/www.unpetitoiseaudanslacuisine.com\/wp-content\/uploads\/2016\/03\/P1080147.jpg?resize=918%2C1024&amp;ssl=1 918w, https:\/\/i0.wp.com\/www.unpetitoiseaudanslacuisine.com\/wp-content\/uploads\/2016\/03\/P1080147.jpg?resize=269%2C300&amp;ssl=1 269w, https:\/\/i0.wp.com\/www.unpetitoiseaudanslacuisine.com\/wp-content\/uploads\/2016\/03\/P1080147.jpg?resize=768%2C857&amp;ssl=1 768w, https:\/\/i0.wp.com\/www.unpetitoiseaudanslacuisine.com\/wp-content\/uploads\/2016\/03\/P1080147.jpg?resize=49%2C55&amp;ssl=1 49w, https:\/\/i0.wp.com\/www.unpetitoiseaudanslacuisine.com\/wp-content\/uploads\/2016\/03\/P1080147.jpg?w=1500&amp;ssl=1 1500w, https:\/\/i0.wp.com\/www.unpetitoiseaudanslacuisine.com\/wp-content\/uploads\/2016\/03\/P1080147.jpg?w=2250&amp;ssl=1 2250w\" sizes=\"(max-width: 750px) 100vw, 750px\" data-recalc-dims=\"1\" \/><\/a><\/p>\n<h4>PREPARATION<\/h4>\n<ul>\n<li style=\"text-align: justify;\">Prepare in a bowl the chia seed pudding by mixing with a whisk 1 tbsp honey, coconut milk and chia seeds . Refrigerate 30 minutes , time that chia seeds swell and the pudding solidifies.<\/li>\n<li><a href=\"https:\/\/i0.wp.com\/www.unpetitoiseaudanslacuisine.com\/wp-content\/uploads\/2016\/03\/P1080133.jpg?ssl=1\" rel=\"attachment wp-att-4116\"><img decoding=\"async\" data-attachment-id=\"4116\" data-permalink=\"https:\/\/www.unpetitoiseaudanslacuisine.com\/en\/p1080133\/\" data-orig-file=\"https:\/\/i0.wp.com\/www.unpetitoiseaudanslacuisine.com\/wp-content\/uploads\/2016\/03\/P1080133.jpg?fit=3456%2C4608&amp;ssl=1\" data-orig-size=\"3456,4608\" data-comments-opened=\"1\" data-image-meta=\"{&quot;aperture&quot;:&quot;2.8&quot;,&quot;credit&quot;:&quot;&quot;,&quot;camera&quot;:&quot;DMC-FZ62&quot;,&quot;caption&quot;:&quot;&quot;,&quot;created_timestamp&quot;:&quot;1458772757&quot;,&quot;copyright&quot;:&quot;&quot;,&quot;focal_length&quot;:&quot;4.5&quot;,&quot;iso&quot;:&quot;100&quot;,&quot;shutter_speed&quot;:&quot;0.01&quot;,&quot;title&quot;:&quot;&quot;,&quot;orientation&quot;:&quot;1&quot;}\" data-image-title=\"Breakfast in a jar\" data-image-description=\"\" data-image-caption=\"\" data-medium-file=\"https:\/\/i0.wp.com\/www.unpetitoiseaudanslacuisine.com\/wp-content\/uploads\/2016\/03\/P1080133.jpg?fit=225%2C300&amp;ssl=1\" data-large-file=\"https:\/\/i0.wp.com\/www.unpetitoiseaudanslacuisine.com\/wp-content\/uploads\/2016\/03\/P1080133.jpg?fit=750%2C1000&amp;ssl=1\" class=\"size-large wp-image-4116 aligncenter\" src=\"https:\/\/i0.wp.com\/www.unpetitoiseaudanslacuisine.com\/wp-content\/uploads\/2016\/03\/P1080133.jpg?resize=750%2C1000&#038;ssl=1\" alt=\"Breakfast in a jar\" width=\"750\" height=\"1000\" srcset=\"https:\/\/i0.wp.com\/www.unpetitoiseaudanslacuisine.com\/wp-content\/uploads\/2016\/03\/P1080133.jpg?resize=768%2C1024&amp;ssl=1 768w, https:\/\/i0.wp.com\/www.unpetitoiseaudanslacuisine.com\/wp-content\/uploads\/2016\/03\/P1080133.jpg?resize=225%2C300&amp;ssl=1 225w, https:\/\/i0.wp.com\/www.unpetitoiseaudanslacuisine.com\/wp-content\/uploads\/2016\/03\/P1080133.jpg?resize=41%2C55&amp;ssl=1 41w, https:\/\/i0.wp.com\/www.unpetitoiseaudanslacuisine.com\/wp-content\/uploads\/2016\/03\/P1080133.jpg?w=1500&amp;ssl=1 1500w, https:\/\/i0.wp.com\/www.unpetitoiseaudanslacuisine.com\/wp-content\/uploads\/2016\/03\/P1080133.jpg?w=2250&amp;ssl=1 2250w\" sizes=\"(max-width: 750px) 100vw, 750px\" data-recalc-dims=\"1\" \/><\/a>Meanwhile, cut the pineapple and fresh strawberries into pieces.<\/li>\n<li>Roast the pieces of almonds in the oven for 10 min at 170 \u00b0 on a baking sheet and let cool .<\/li>\n<\/ul>\n<p><a href=\"https:\/\/i0.wp.com\/www.unpetitoiseaudanslacuisine.com\/wp-content\/uploads\/2016\/03\/P1080135.jpg?ssl=1\" rel=\"attachment wp-att-4112\"><img loading=\"lazy\" decoding=\"async\" data-attachment-id=\"4112\" data-permalink=\"https:\/\/www.unpetitoiseaudanslacuisine.com\/en\/p1080135\/\" data-orig-file=\"https:\/\/i0.wp.com\/www.unpetitoiseaudanslacuisine.com\/wp-content\/uploads\/2016\/03\/P1080135.jpg?fit=3990%2C2938&amp;ssl=1\" data-orig-size=\"3990,2938\" data-comments-opened=\"1\" data-image-meta=\"{&quot;aperture&quot;:&quot;2.8&quot;,&quot;credit&quot;:&quot;&quot;,&quot;camera&quot;:&quot;DMC-FZ62&quot;,&quot;caption&quot;:&quot;&quot;,&quot;created_timestamp&quot;:&quot;1458773183&quot;,&quot;copyright&quot;:&quot;&quot;,&quot;focal_length&quot;:&quot;4.5&quot;,&quot;iso&quot;:&quot;400&quot;,&quot;shutter_speed&quot;:&quot;0.033333333333333&quot;,&quot;title&quot;:&quot;&quot;,&quot;orientation&quot;:&quot;1&quot;}\" data-image-title=\"Breakfast in a jar\" data-image-description=\"\" data-image-caption=\"\" data-medium-file=\"https:\/\/i0.wp.com\/www.unpetitoiseaudanslacuisine.com\/wp-content\/uploads\/2016\/03\/P1080135.jpg?fit=300%2C221&amp;ssl=1\" data-large-file=\"https:\/\/i0.wp.com\/www.unpetitoiseaudanslacuisine.com\/wp-content\/uploads\/2016\/03\/P1080135.jpg?fit=750%2C552&amp;ssl=1\" class=\"size-large wp-image-4112 aligncenter\" src=\"https:\/\/i0.wp.com\/www.unpetitoiseaudanslacuisine.com\/wp-content\/uploads\/2016\/03\/P1080135.jpg?resize=750%2C552&#038;ssl=1\" alt=\"Breakfast in a jar\" width=\"750\" height=\"552\" srcset=\"https:\/\/i0.wp.com\/www.unpetitoiseaudanslacuisine.com\/wp-content\/uploads\/2016\/03\/P1080135.jpg?resize=1024%2C754&amp;ssl=1 1024w, https:\/\/i0.wp.com\/www.unpetitoiseaudanslacuisine.com\/wp-content\/uploads\/2016\/03\/P1080135.jpg?resize=300%2C221&amp;ssl=1 300w, https:\/\/i0.wp.com\/www.unpetitoiseaudanslacuisine.com\/wp-content\/uploads\/2016\/03\/P1080135.jpg?resize=768%2C566&amp;ssl=1 768w, https:\/\/i0.wp.com\/www.unpetitoiseaudanslacuisine.com\/wp-content\/uploads\/2016\/03\/P1080135.jpg?resize=75%2C55&amp;ssl=1 75w, https:\/\/i0.wp.com\/www.unpetitoiseaudanslacuisine.com\/wp-content\/uploads\/2016\/03\/P1080135.jpg?w=1500&amp;ssl=1 1500w, https:\/\/i0.wp.com\/www.unpetitoiseaudanslacuisine.com\/wp-content\/uploads\/2016\/03\/P1080135.jpg?w=2250&amp;ssl=1 2250w\" sizes=\"(max-width: 750px) 100vw, 750px\" data-recalc-dims=\"1\" \/><\/a><\/p>\n<p><a href=\"https:\/\/i0.wp.com\/www.unpetitoiseaudanslacuisine.com\/wp-content\/uploads\/2016\/03\/P1080137.jpg?ssl=1\" rel=\"attachment wp-att-4114\"><img loading=\"lazy\" decoding=\"async\" data-attachment-id=\"4114\" data-permalink=\"https:\/\/www.unpetitoiseaudanslacuisine.com\/en\/p1080137\/\" data-orig-file=\"https:\/\/i0.wp.com\/www.unpetitoiseaudanslacuisine.com\/wp-content\/uploads\/2016\/03\/P1080137.jpg?fit=4608%2C3456&amp;ssl=1\" data-orig-size=\"4608,3456\" data-comments-opened=\"1\" data-image-meta=\"{&quot;aperture&quot;:&quot;3.2&quot;,&quot;credit&quot;:&quot;&quot;,&quot;camera&quot;:&quot;DMC-FZ62&quot;,&quot;caption&quot;:&quot;&quot;,&quot;created_timestamp&quot;:&quot;1458774220&quot;,&quot;copyright&quot;:&quot;&quot;,&quot;focal_length&quot;:&quot;9.2&quot;,&quot;iso&quot;:&quot;400&quot;,&quot;shutter_speed&quot;:&quot;0.066666666666667&quot;,&quot;title&quot;:&quot;&quot;,&quot;orientation&quot;:&quot;1&quot;}\" data-image-title=\"Breakfast in a jar\" data-image-description=\"\" data-image-caption=\"\" data-medium-file=\"https:\/\/i0.wp.com\/www.unpetitoiseaudanslacuisine.com\/wp-content\/uploads\/2016\/03\/P1080137.jpg?fit=300%2C225&amp;ssl=1\" data-large-file=\"https:\/\/i0.wp.com\/www.unpetitoiseaudanslacuisine.com\/wp-content\/uploads\/2016\/03\/P1080137.jpg?fit=750%2C563&amp;ssl=1\" class=\"size-large wp-image-4114 aligncenter\" src=\"https:\/\/i0.wp.com\/www.unpetitoiseaudanslacuisine.com\/wp-content\/uploads\/2016\/03\/P1080137.jpg?resize=750%2C563&#038;ssl=1\" alt=\"Breakfast in a jar\" width=\"750\" height=\"563\" srcset=\"https:\/\/i0.wp.com\/www.unpetitoiseaudanslacuisine.com\/wp-content\/uploads\/2016\/03\/P1080137.jpg?resize=1024%2C768&amp;ssl=1 1024w, https:\/\/i0.wp.com\/www.unpetitoiseaudanslacuisine.com\/wp-content\/uploads\/2016\/03\/P1080137.jpg?resize=300%2C225&amp;ssl=1 300w, https:\/\/i0.wp.com\/www.unpetitoiseaudanslacuisine.com\/wp-content\/uploads\/2016\/03\/P1080137.jpg?resize=768%2C576&amp;ssl=1 768w, https:\/\/i0.wp.com\/www.unpetitoiseaudanslacuisine.com\/wp-content\/uploads\/2016\/03\/P1080137.jpg?resize=73%2C55&amp;ssl=1 73w, https:\/\/i0.wp.com\/www.unpetitoiseaudanslacuisine.com\/wp-content\/uploads\/2016\/03\/P1080137.jpg?w=1500&amp;ssl=1 1500w, https:\/\/i0.wp.com\/www.unpetitoiseaudanslacuisine.com\/wp-content\/uploads\/2016\/03\/P1080137.jpg?w=2250&amp;ssl=1 2250w\" sizes=\"(max-width: 750px) 100vw, 750px\" data-recalc-dims=\"1\" \/><\/a><\/p>\n<ul>\n<li style=\"text-align: justify;\">Prepare the smoothie by mixing in a blender frozen strawberries with the glass of milk and set aside. Add a tbsp of honey if you like.<\/li>\n<li style=\"text-align: justify;\">In 2 jars, depose a layer of pineapple , strawberries and raspberries.<\/li>\n<\/ul>\n<p><a href=\"https:\/\/i0.wp.com\/www.unpetitoiseaudanslacuisine.com\/wp-content\/uploads\/2016\/03\/P1080130.jpg?ssl=1\" rel=\"attachment wp-att-4115\"><img loading=\"lazy\" decoding=\"async\" data-attachment-id=\"4115\" data-permalink=\"https:\/\/www.unpetitoiseaudanslacuisine.com\/en\/p1080130\/\" data-orig-file=\"https:\/\/i0.wp.com\/www.unpetitoiseaudanslacuisine.com\/wp-content\/uploads\/2016\/03\/P1080130.jpg?fit=4608%2C3456&amp;ssl=1\" data-orig-size=\"4608,3456\" data-comments-opened=\"1\" data-image-meta=\"{&quot;aperture&quot;:&quot;2.8&quot;,&quot;credit&quot;:&quot;&quot;,&quot;camera&quot;:&quot;DMC-FZ62&quot;,&quot;caption&quot;:&quot;&quot;,&quot;created_timestamp&quot;:&quot;1458772279&quot;,&quot;copyright&quot;:&quot;&quot;,&quot;focal_length&quot;:&quot;4.5&quot;,&quot;iso&quot;:&quot;400&quot;,&quot;shutter_speed&quot;:&quot;0.016666666666667&quot;,&quot;title&quot;:&quot;&quot;,&quot;orientation&quot;:&quot;1&quot;}\" data-image-title=\"Breakfast in a jar\" data-image-description=\"\" data-image-caption=\"\" data-medium-file=\"https:\/\/i0.wp.com\/www.unpetitoiseaudanslacuisine.com\/wp-content\/uploads\/2016\/03\/P1080130.jpg?fit=300%2C225&amp;ssl=1\" data-large-file=\"https:\/\/i0.wp.com\/www.unpetitoiseaudanslacuisine.com\/wp-content\/uploads\/2016\/03\/P1080130.jpg?fit=750%2C563&amp;ssl=1\" class=\"size-large wp-image-4115 aligncenter\" src=\"https:\/\/i0.wp.com\/www.unpetitoiseaudanslacuisine.com\/wp-content\/uploads\/2016\/03\/P1080130.jpg?resize=750%2C563&#038;ssl=1\" alt=\"Breakfast in a jar\" width=\"750\" height=\"563\" srcset=\"https:\/\/i0.wp.com\/www.unpetitoiseaudanslacuisine.com\/wp-content\/uploads\/2016\/03\/P1080130.jpg?resize=1024%2C768&amp;ssl=1 1024w, https:\/\/i0.wp.com\/www.unpetitoiseaudanslacuisine.com\/wp-content\/uploads\/2016\/03\/P1080130.jpg?resize=300%2C225&amp;ssl=1 300w, https:\/\/i0.wp.com\/www.unpetitoiseaudanslacuisine.com\/wp-content\/uploads\/2016\/03\/P1080130.jpg?resize=768%2C576&amp;ssl=1 768w, https:\/\/i0.wp.com\/www.unpetitoiseaudanslacuisine.com\/wp-content\/uploads\/2016\/03\/P1080130.jpg?resize=73%2C55&amp;ssl=1 73w, https:\/\/i0.wp.com\/www.unpetitoiseaudanslacuisine.com\/wp-content\/uploads\/2016\/03\/P1080130.jpg?w=1500&amp;ssl=1 1500w, https:\/\/i0.wp.com\/www.unpetitoiseaudanslacuisine.com\/wp-content\/uploads\/2016\/03\/P1080130.jpg?w=2250&amp;ssl=1 2250w\" sizes=\"(max-width: 750px) 100vw, 750px\" data-recalc-dims=\"1\" \/><\/a><\/p>\n<ul>\n<li style=\"text-align: justify;\">Cover with chia seeds pudding.<\/li>\n<\/ul>\n<p><a href=\"https:\/\/i0.wp.com\/www.unpetitoiseaudanslacuisine.com\/wp-content\/uploads\/2016\/03\/P1080138.jpg?ssl=1\" rel=\"attachment wp-att-4109\"><img loading=\"lazy\" decoding=\"async\" data-attachment-id=\"4109\" data-permalink=\"https:\/\/www.unpetitoiseaudanslacuisine.com\/en\/p1080138\/\" data-orig-file=\"https:\/\/i0.wp.com\/www.unpetitoiseaudanslacuisine.com\/wp-content\/uploads\/2016\/03\/P1080138.jpg?fit=4608%2C3456&amp;ssl=1\" data-orig-size=\"4608,3456\" data-comments-opened=\"1\" data-image-meta=\"{&quot;aperture&quot;:&quot;2.8&quot;,&quot;credit&quot;:&quot;&quot;,&quot;camera&quot;:&quot;DMC-FZ62&quot;,&quot;caption&quot;:&quot;&quot;,&quot;created_timestamp&quot;:&quot;1458775066&quot;,&quot;copyright&quot;:&quot;&quot;,&quot;focal_length&quot;:&quot;4.5&quot;,&quot;iso&quot;:&quot;400&quot;,&quot;shutter_speed&quot;:&quot;0.05&quot;,&quot;title&quot;:&quot;&quot;,&quot;orientation&quot;:&quot;1&quot;}\" data-image-title=\"Breakfast in a jar\" data-image-description=\"\" data-image-caption=\"\" data-medium-file=\"https:\/\/i0.wp.com\/www.unpetitoiseaudanslacuisine.com\/wp-content\/uploads\/2016\/03\/P1080138.jpg?fit=300%2C225&amp;ssl=1\" data-large-file=\"https:\/\/i0.wp.com\/www.unpetitoiseaudanslacuisine.com\/wp-content\/uploads\/2016\/03\/P1080138.jpg?fit=750%2C563&amp;ssl=1\" class=\"size-large wp-image-4109 aligncenter\" src=\"https:\/\/i0.wp.com\/www.unpetitoiseaudanslacuisine.com\/wp-content\/uploads\/2016\/03\/P1080138.jpg?resize=750%2C563&#038;ssl=1\" alt=\"Breakfast in a jar\" width=\"750\" height=\"563\" srcset=\"https:\/\/i0.wp.com\/www.unpetitoiseaudanslacuisine.com\/wp-content\/uploads\/2016\/03\/P1080138.jpg?resize=1024%2C768&amp;ssl=1 1024w, https:\/\/i0.wp.com\/www.unpetitoiseaudanslacuisine.com\/wp-content\/uploads\/2016\/03\/P1080138.jpg?resize=300%2C225&amp;ssl=1 300w, https:\/\/i0.wp.com\/www.unpetitoiseaudanslacuisine.com\/wp-content\/uploads\/2016\/03\/P1080138.jpg?resize=768%2C576&amp;ssl=1 768w, https:\/\/i0.wp.com\/www.unpetitoiseaudanslacuisine.com\/wp-content\/uploads\/2016\/03\/P1080138.jpg?resize=73%2C55&amp;ssl=1 73w, https:\/\/i0.wp.com\/www.unpetitoiseaudanslacuisine.com\/wp-content\/uploads\/2016\/03\/P1080138.jpg?w=1500&amp;ssl=1 1500w, https:\/\/i0.wp.com\/www.unpetitoiseaudanslacuisine.com\/wp-content\/uploads\/2016\/03\/P1080138.jpg?w=2250&amp;ssl=1 2250w\" sizes=\"(max-width: 750px) 100vw, 750px\" data-recalc-dims=\"1\" \/><\/a><\/p>\n<ul>\n<li style=\"text-align: justify;\">Add a layer of pineapple, strawberries and raspberries. The 2 jars must be filled to 3\/4.<\/li>\n<\/ul>\n<p><a href=\"https:\/\/i0.wp.com\/www.unpetitoiseaudanslacuisine.com\/wp-content\/uploads\/2016\/03\/P1080139.jpg?ssl=1\" rel=\"attachment wp-att-4111\"><img loading=\"lazy\" decoding=\"async\" data-attachment-id=\"4111\" data-permalink=\"https:\/\/www.unpetitoiseaudanslacuisine.com\/en\/p1080139\/\" data-orig-file=\"https:\/\/i0.wp.com\/www.unpetitoiseaudanslacuisine.com\/wp-content\/uploads\/2016\/03\/P1080139.jpg?fit=4608%2C3456&amp;ssl=1\" data-orig-size=\"4608,3456\" data-comments-opened=\"1\" data-image-meta=\"{&quot;aperture&quot;:&quot;2.8&quot;,&quot;credit&quot;:&quot;&quot;,&quot;camera&quot;:&quot;DMC-FZ62&quot;,&quot;caption&quot;:&quot;&quot;,&quot;created_timestamp&quot;:&quot;1458775198&quot;,&quot;copyright&quot;:&quot;&quot;,&quot;focal_length&quot;:&quot;4.5&quot;,&quot;iso&quot;:&quot;400&quot;,&quot;shutter_speed&quot;:&quot;0.066666666666667&quot;,&quot;title&quot;:&quot;&quot;,&quot;orientation&quot;:&quot;1&quot;}\" data-image-title=\"Breakfast in a jar\" data-image-description=\"\" data-image-caption=\"\" data-medium-file=\"https:\/\/i0.wp.com\/www.unpetitoiseaudanslacuisine.com\/wp-content\/uploads\/2016\/03\/P1080139.jpg?fit=300%2C225&amp;ssl=1\" data-large-file=\"https:\/\/i0.wp.com\/www.unpetitoiseaudanslacuisine.com\/wp-content\/uploads\/2016\/03\/P1080139.jpg?fit=750%2C563&amp;ssl=1\" class=\"size-large wp-image-4111 aligncenter\" src=\"https:\/\/i0.wp.com\/www.unpetitoiseaudanslacuisine.com\/wp-content\/uploads\/2016\/03\/P1080139.jpg?resize=750%2C563&#038;ssl=1\" alt=\"Breakfast in a jar\" width=\"750\" height=\"563\" srcset=\"https:\/\/i0.wp.com\/www.unpetitoiseaudanslacuisine.com\/wp-content\/uploads\/2016\/03\/P1080139.jpg?resize=1024%2C768&amp;ssl=1 1024w, https:\/\/i0.wp.com\/www.unpetitoiseaudanslacuisine.com\/wp-content\/uploads\/2016\/03\/P1080139.jpg?resize=300%2C225&amp;ssl=1 300w, https:\/\/i0.wp.com\/www.unpetitoiseaudanslacuisine.com\/wp-content\/uploads\/2016\/03\/P1080139.jpg?resize=768%2C576&amp;ssl=1 768w, https:\/\/i0.wp.com\/www.unpetitoiseaudanslacuisine.com\/wp-content\/uploads\/2016\/03\/P1080139.jpg?resize=73%2C55&amp;ssl=1 73w, https:\/\/i0.wp.com\/www.unpetitoiseaudanslacuisine.com\/wp-content\/uploads\/2016\/03\/P1080139.jpg?w=1500&amp;ssl=1 1500w, https:\/\/i0.wp.com\/www.unpetitoiseaudanslacuisine.com\/wp-content\/uploads\/2016\/03\/P1080139.jpg?w=2250&amp;ssl=1 2250w\" sizes=\"(max-width: 750px) 100vw, 750px\" data-recalc-dims=\"1\" \/><\/a><\/p>\n<ul>\n<li style=\"text-align: justify;\">Pour the smoothie in the jars.<\/li>\n<\/ul>\n<p><a href=\"https:\/\/i0.wp.com\/www.unpetitoiseaudanslacuisine.com\/wp-content\/uploads\/2016\/03\/P1080141.jpg?ssl=1\" rel=\"attachment wp-att-4106\"><img loading=\"lazy\" decoding=\"async\" data-attachment-id=\"4106\" data-permalink=\"https:\/\/www.unpetitoiseaudanslacuisine.com\/en\/p1080141\/\" data-orig-file=\"https:\/\/i0.wp.com\/www.unpetitoiseaudanslacuisine.com\/wp-content\/uploads\/2016\/03\/P1080141.jpg?fit=4608%2C3456&amp;ssl=1\" data-orig-size=\"4608,3456\" data-comments-opened=\"1\" data-image-meta=\"{&quot;aperture&quot;:&quot;2.8&quot;,&quot;credit&quot;:&quot;&quot;,&quot;camera&quot;:&quot;DMC-FZ62&quot;,&quot;caption&quot;:&quot;&quot;,&quot;created_timestamp&quot;:&quot;1458775799&quot;,&quot;copyright&quot;:&quot;&quot;,&quot;focal_length&quot;:&quot;4.5&quot;,&quot;iso&quot;:&quot;400&quot;,&quot;shutter_speed&quot;:&quot;0.066666666666667&quot;,&quot;title&quot;:&quot;&quot;,&quot;orientation&quot;:&quot;1&quot;}\" data-image-title=\"Breakfast in a jar\" data-image-description=\"\" data-image-caption=\"\" data-medium-file=\"https:\/\/i0.wp.com\/www.unpetitoiseaudanslacuisine.com\/wp-content\/uploads\/2016\/03\/P1080141.jpg?fit=300%2C225&amp;ssl=1\" data-large-file=\"https:\/\/i0.wp.com\/www.unpetitoiseaudanslacuisine.com\/wp-content\/uploads\/2016\/03\/P1080141.jpg?fit=750%2C563&amp;ssl=1\" class=\"size-large wp-image-4106 aligncenter\" src=\"https:\/\/i0.wp.com\/www.unpetitoiseaudanslacuisine.com\/wp-content\/uploads\/2016\/03\/P1080141.jpg?resize=750%2C563&#038;ssl=1\" alt=\"Breakfast in a jar\" width=\"750\" height=\"563\" srcset=\"https:\/\/i0.wp.com\/www.unpetitoiseaudanslacuisine.com\/wp-content\/uploads\/2016\/03\/P1080141.jpg?resize=1024%2C768&amp;ssl=1 1024w, https:\/\/i0.wp.com\/www.unpetitoiseaudanslacuisine.com\/wp-content\/uploads\/2016\/03\/P1080141.jpg?resize=300%2C225&amp;ssl=1 300w, https:\/\/i0.wp.com\/www.unpetitoiseaudanslacuisine.com\/wp-content\/uploads\/2016\/03\/P1080141.jpg?resize=768%2C576&amp;ssl=1 768w, https:\/\/i0.wp.com\/www.unpetitoiseaudanslacuisine.com\/wp-content\/uploads\/2016\/03\/P1080141.jpg?resize=73%2C55&amp;ssl=1 73w, https:\/\/i0.wp.com\/www.unpetitoiseaudanslacuisine.com\/wp-content\/uploads\/2016\/03\/P1080141.jpg?w=1500&amp;ssl=1 1500w, https:\/\/i0.wp.com\/www.unpetitoiseaudanslacuisine.com\/wp-content\/uploads\/2016\/03\/P1080141.jpg?w=2250&amp;ssl=1 2250w\" sizes=\"(max-width: 750px) 100vw, 750px\" data-recalc-dims=\"1\" \/><\/a><\/p>\n<ul>\n<li style=\"text-align: justify;\">Sprinkle with almond and coconut chips.<\/li>\n<\/ul>\n<p><a href=\"https:\/\/i0.wp.com\/www.unpetitoiseaudanslacuisine.com\/wp-content\/uploads\/2016\/03\/P1080156.jpg?ssl=1\" rel=\"attachment wp-att-4097\"><img loading=\"lazy\" decoding=\"async\" data-attachment-id=\"4097\" data-permalink=\"https:\/\/www.unpetitoiseaudanslacuisine.com\/en\/breakfast-in-a-jar-petit-dej-bocal-gf\/p1080156\/\" data-orig-file=\"https:\/\/i0.wp.com\/www.unpetitoiseaudanslacuisine.com\/wp-content\/uploads\/2016\/03\/P1080156.jpg?fit=4608%2C2625&amp;ssl=1\" data-orig-size=\"4608,2625\" data-comments-opened=\"1\" data-image-meta=\"{&quot;aperture&quot;:&quot;2.8&quot;,&quot;credit&quot;:&quot;&quot;,&quot;camera&quot;:&quot;DMC-FZ62&quot;,&quot;caption&quot;:&quot;&quot;,&quot;created_timestamp&quot;:&quot;1458776087&quot;,&quot;copyright&quot;:&quot;&quot;,&quot;focal_length&quot;:&quot;4.5&quot;,&quot;iso&quot;:&quot;400&quot;,&quot;shutter_speed&quot;:&quot;0.04&quot;,&quot;title&quot;:&quot;&quot;,&quot;orientation&quot;:&quot;1&quot;}\" data-image-title=\"Breakfast in a jar\" data-image-description=\"\" data-image-caption=\"\" data-medium-file=\"https:\/\/i0.wp.com\/www.unpetitoiseaudanslacuisine.com\/wp-content\/uploads\/2016\/03\/P1080156.jpg?fit=300%2C171&amp;ssl=1\" data-large-file=\"https:\/\/i0.wp.com\/www.unpetitoiseaudanslacuisine.com\/wp-content\/uploads\/2016\/03\/P1080156.jpg?fit=750%2C427&amp;ssl=1\" class=\"size-large wp-image-4097 aligncenter\" src=\"https:\/\/i0.wp.com\/www.unpetitoiseaudanslacuisine.com\/wp-content\/uploads\/2016\/03\/P1080156.jpg?resize=750%2C427&#038;ssl=1\" alt=\"Breakfast in a jar\" width=\"750\" height=\"427\" srcset=\"https:\/\/i0.wp.com\/www.unpetitoiseaudanslacuisine.com\/wp-content\/uploads\/2016\/03\/P1080156.jpg?resize=1024%2C583&amp;ssl=1 1024w, https:\/\/i0.wp.com\/www.unpetitoiseaudanslacuisine.com\/wp-content\/uploads\/2016\/03\/P1080156.jpg?resize=300%2C171&amp;ssl=1 300w, https:\/\/i0.wp.com\/www.unpetitoiseaudanslacuisine.com\/wp-content\/uploads\/2016\/03\/P1080156.jpg?resize=768%2C438&amp;ssl=1 768w, https:\/\/i0.wp.com\/www.unpetitoiseaudanslacuisine.com\/wp-content\/uploads\/2016\/03\/P1080156.jpg?resize=97%2C55&amp;ssl=1 97w, https:\/\/i0.wp.com\/www.unpetitoiseaudanslacuisine.com\/wp-content\/uploads\/2016\/03\/P1080156.jpg?w=1500&amp;ssl=1 1500w, https:\/\/i0.wp.com\/www.unpetitoiseaudanslacuisine.com\/wp-content\/uploads\/2016\/03\/P1080156.jpg?w=2250&amp;ssl=1 2250w\" sizes=\"(max-width: 750px) 100vw, 750px\" data-recalc-dims=\"1\" \/><\/a><\/p>\n<p><a href=\"https:\/\/i0.wp.com\/www.unpetitoiseaudanslacuisine.com\/wp-content\/uploads\/2016\/03\/P1080142.jpg?ssl=1\" rel=\"attachment wp-att-4107\"><img loading=\"lazy\" decoding=\"async\" data-attachment-id=\"4107\" data-permalink=\"https:\/\/www.unpetitoiseaudanslacuisine.com\/en\/p1080142\/\" data-orig-file=\"https:\/\/i0.wp.com\/www.unpetitoiseaudanslacuisine.com\/wp-content\/uploads\/2016\/03\/P1080142.jpg?fit=4608%2C3456&amp;ssl=1\" data-orig-size=\"4608,3456\" data-comments-opened=\"1\" data-image-meta=\"{&quot;aperture&quot;:&quot;2.8&quot;,&quot;credit&quot;:&quot;&quot;,&quot;camera&quot;:&quot;DMC-FZ62&quot;,&quot;caption&quot;:&quot;&quot;,&quot;created_timestamp&quot;:&quot;1458775931&quot;,&quot;copyright&quot;:&quot;&quot;,&quot;focal_length&quot;:&quot;4.5&quot;,&quot;iso&quot;:&quot;400&quot;,&quot;shutter_speed&quot;:&quot;0.04&quot;,&quot;title&quot;:&quot;&quot;,&quot;orientation&quot;:&quot;1&quot;}\" data-image-title=\"Breakfast in a jar\" data-image-description=\"\" data-image-caption=\"\" data-medium-file=\"https:\/\/i0.wp.com\/www.unpetitoiseaudanslacuisine.com\/wp-content\/uploads\/2016\/03\/P1080142.jpg?fit=300%2C225&amp;ssl=1\" data-large-file=\"https:\/\/i0.wp.com\/www.unpetitoiseaudanslacuisine.com\/wp-content\/uploads\/2016\/03\/P1080142.jpg?fit=750%2C563&amp;ssl=1\" class=\"size-large wp-image-4107 aligncenter\" src=\"https:\/\/i0.wp.com\/www.unpetitoiseaudanslacuisine.com\/wp-content\/uploads\/2016\/03\/P1080142.jpg?resize=750%2C563&#038;ssl=1\" alt=\"Breakfast in a jar\" width=\"750\" height=\"563\" srcset=\"https:\/\/i0.wp.com\/www.unpetitoiseaudanslacuisine.com\/wp-content\/uploads\/2016\/03\/P1080142.jpg?resize=1024%2C768&amp;ssl=1 1024w, https:\/\/i0.wp.com\/www.unpetitoiseaudanslacuisine.com\/wp-content\/uploads\/2016\/03\/P1080142.jpg?resize=300%2C225&amp;ssl=1 300w, https:\/\/i0.wp.com\/www.unpetitoiseaudanslacuisine.com\/wp-content\/uploads\/2016\/03\/P1080142.jpg?resize=768%2C576&amp;ssl=1 768w, https:\/\/i0.wp.com\/www.unpetitoiseaudanslacuisine.com\/wp-content\/uploads\/2016\/03\/P1080142.jpg?resize=73%2C55&amp;ssl=1 73w, https:\/\/i0.wp.com\/www.unpetitoiseaudanslacuisine.com\/wp-content\/uploads\/2016\/03\/P1080142.jpg?w=1500&amp;ssl=1 1500w, https:\/\/i0.wp.com\/www.unpetitoiseaudanslacuisine.com\/wp-content\/uploads\/2016\/03\/P1080142.jpg?w=2250&amp;ssl=1 2250w\" sizes=\"(max-width: 750px) 100vw, 750px\" data-recalc-dims=\"1\" \/><\/a><\/p>\n<p style=\"text-align: justify;\"><span lang=\"en\">Your breakfast in a jar are ready to be enjoyed ! You can quite prepare the night before and keep them cool with the lid to taste the next morning. I suggest you just add the almonds and coconut just before serving.<\/span><\/p>\n<p><a href=\"https:\/\/i0.wp.com\/www.unpetitoiseaudanslacuisine.com\/wp-content\/uploads\/2016\/03\/P1080148.jpg?ssl=1\" rel=\"attachment wp-att-4104\"><img loading=\"lazy\" decoding=\"async\" data-attachment-id=\"4104\" data-permalink=\"https:\/\/www.unpetitoiseaudanslacuisine.com\/en\/p1080148\/\" data-orig-file=\"https:\/\/i0.wp.com\/www.unpetitoiseaudanslacuisine.com\/wp-content\/uploads\/2016\/03\/P1080148.jpg?fit=3456%2C4102&amp;ssl=1\" data-orig-size=\"3456,4102\" data-comments-opened=\"1\" data-image-meta=\"{&quot;aperture&quot;:&quot;2.8&quot;,&quot;credit&quot;:&quot;&quot;,&quot;camera&quot;:&quot;DMC-FZ62&quot;,&quot;caption&quot;:&quot;&quot;,&quot;created_timestamp&quot;:&quot;1458775996&quot;,&quot;copyright&quot;:&quot;&quot;,&quot;focal_length&quot;:&quot;4.5&quot;,&quot;iso&quot;:&quot;400&quot;,&quot;shutter_speed&quot;:&quot;0.033333333333333&quot;,&quot;title&quot;:&quot;&quot;,&quot;orientation&quot;:&quot;1&quot;}\" data-image-title=\"Breakfast in a jar\" data-image-description=\"\" data-image-caption=\"\" data-medium-file=\"https:\/\/i0.wp.com\/www.unpetitoiseaudanslacuisine.com\/wp-content\/uploads\/2016\/03\/P1080148.jpg?fit=253%2C300&amp;ssl=1\" data-large-file=\"https:\/\/i0.wp.com\/www.unpetitoiseaudanslacuisine.com\/wp-content\/uploads\/2016\/03\/P1080148.jpg?fit=750%2C890&amp;ssl=1\" class=\"size-large wp-image-4104 aligncenter\" src=\"https:\/\/i0.wp.com\/www.unpetitoiseaudanslacuisine.com\/wp-content\/uploads\/2016\/03\/P1080148.jpg?resize=750%2C890&#038;ssl=1\" alt=\"Breakfast in a jar\" width=\"750\" height=\"890\" srcset=\"https:\/\/i0.wp.com\/www.unpetitoiseaudanslacuisine.com\/wp-content\/uploads\/2016\/03\/P1080148.jpg?resize=863%2C1024&amp;ssl=1 863w, https:\/\/i0.wp.com\/www.unpetitoiseaudanslacuisine.com\/wp-content\/uploads\/2016\/03\/P1080148.jpg?resize=253%2C300&amp;ssl=1 253w, https:\/\/i0.wp.com\/www.unpetitoiseaudanslacuisine.com\/wp-content\/uploads\/2016\/03\/P1080148.jpg?resize=768%2C912&amp;ssl=1 768w, https:\/\/i0.wp.com\/www.unpetitoiseaudanslacuisine.com\/wp-content\/uploads\/2016\/03\/P1080148.jpg?resize=46%2C55&amp;ssl=1 46w, https:\/\/i0.wp.com\/www.unpetitoiseaudanslacuisine.com\/wp-content\/uploads\/2016\/03\/P1080148.jpg?w=1500&amp;ssl=1 1500w, https:\/\/i0.wp.com\/www.unpetitoiseaudanslacuisine.com\/wp-content\/uploads\/2016\/03\/P1080148.jpg?w=2250&amp;ssl=1 2250w\" sizes=\"(max-width: 750px) 100vw, 750px\" data-recalc-dims=\"1\" \/><\/a><\/p>\n","protected":false},"excerpt":{"rendered":"<p>Breakfast in a jar\u00a0(GF) l Switch language for recipe in French\u00a0l Breakfast in a jar For 2 jars Preparation time: 15min, Time to rest: 30min or over the night [ingredients title=&#8221;Ingredients&#8221;] 4\u00a0slices of pineapple 12 strawberries 12 raspberry 200g frozen fruits of your choice\u00a0(I chose strawberries) 1 glass of milk\u00a0(cow, almond, rice, &#8230; ) 330ml\u00a0coconut [&hellip;]<\/p>\n","protected":false},"author":2,"featured_media":4107,"comment_status":"open","ping_status":"open","sticky":false,"template":"","format":"standard","meta":{"wprm-recipe-roundup-name":"","wprm-recipe-roundup-description":"","_exactmetrics_skip_tracking":false,"_exactmetrics_sitenote_active":false,"_exactmetrics_sitenote_note":"","_exactmetrics_sitenote_category":0,"jetpack_post_was_ever_published":false,"footnotes":"","jetpack_publicize_message":"","jetpack_is_tweetstorm":false,"jetpack_publicize_feature_enabled":true,"jetpack_social_post_already_shared":false,"jetpack_social_options":{"image_generator_settings":{"template":"highway","enabled":false}}},"categories":[300,186,188,510],"tags":[211,273,75,213,124],"class_list":["post-4096","post","type-post","status-publish","format-standard","has-post-thumbnail","hentry","category-petit-dejeuner","category-power-food","category-sans-gluten-regimes-alimentaires","category-vegetarien","tag-ananas","tag-chia","tag-fraises","tag-framboise","tag-lait-de-coco"],"translation":{"provider":"WPGlobus","version":"2.10.10","language":"en","enabled_languages":["fr","en"],"languages":{"fr":{"title":true,"content":true,"excerpt":false},"en":{"title":true,"content":true,"excerpt":false}}},"jetpack_publicize_connections":[],"yoast_head":"<!-- This site is optimized with the Yoast SEO Premium plugin v19.5 (Yoast SEO v20.5) - https:\/\/yoast.com\/wordpress\/plugins\/seo\/ -->\n<title>Breakfast in a jar (GF) - Un petit Oiseau dans la Cuisine<\/title>\n<meta name=\"robots\" content=\"index, follow, max-snippet:-1, max-image-preview:large, max-video-preview:-1\" \/>\n<link rel=\"canonical\" href=\"https:\/\/www.unpetitoiseaudanslacuisine.com\/breakfast-in-a-jar-petit-dej-bocal-gf\/\" \/>\n<meta property=\"og:locale\" content=\"en_US\" \/>\n<meta property=\"og:type\" content=\"article\" \/>\n<meta property=\"og:title\" content=\"Breakfast in a jar (GF) - Un petit Oiseau dans la Cuisine\" \/>\n<meta property=\"og:url\" content=\"https:\/\/www.unpetitoiseaudanslacuisine.com\/breakfast-in-a-jar-petit-dej-bocal-gf\/\" \/>\n<meta property=\"og:site_name\" content=\"Un petit Oiseau dans la Cuisine\" \/>\n<meta property=\"article:publisher\" content=\"https:\/\/www.facebook.com\/unpetitoiseaudanslacuisine?ref=hl\" \/>\n<meta property=\"article:author\" content=\"https:\/\/www.facebook.com\/unpetitoiseaudanslacuisine\/\" \/>\n<meta property=\"article:published_time\" content=\"2016-03-26T18:07:46+00:00\" \/>\n<meta property=\"article:modified_time\" content=\"2019-12-26T16:01:11+00:00\" \/>\n<meta property=\"og:image\" content=\"https:\/\/www.unpetitoiseaudanslacuisine.com\/wp-content\/uploads\/2016\/03\/P1080142-1024x768.jpg\" \/>\n\t<meta property=\"og:image:width\" content=\"1024\" \/>\n\t<meta property=\"og:image:height\" content=\"768\" \/>\n\t<meta property=\"og:image:type\" content=\"image\/jpeg\" \/>\n<meta name=\"author\" content=\"Eva\" \/>\n<meta name=\"twitter:card\" content=\"summary_large_image\" \/>\n<meta name=\"twitter:creator\" content=\"@Blakprada\" \/>\n<meta name=\"twitter:site\" content=\"@Blakprada\" \/>\n<meta name=\"twitter:label1\" content=\"Written by\" \/>\n\t<meta name=\"twitter:data1\" content=\"Eva\" \/>\n\t<meta name=\"twitter:label2\" content=\"Est. reading time\" \/>\n\t<meta name=\"twitter:data2\" content=\"4 minutes\" \/>\n<script type=\"application\/ld+json\" class=\"yoast-schema-graph\">{\"@context\":\"https:\/\/schema.org\",\"@graph\":[{\"@type\":\"Article\",\"@id\":\"https:\/\/www.unpetitoiseaudanslacuisine.com\/breakfast-in-a-jar-petit-dej-bocal-gf\/#article\",\"isPartOf\":{\"@id\":\"https:\/\/www.unpetitoiseaudanslacuisine.com\/breakfast-in-a-jar-petit-dej-bocal-gf\/\"},\"author\":{\"name\":\"Eva\",\"@id\":\"https:\/\/www.unpetitoiseaudanslacuisine.com\/#\/schema\/person\/818491c4d8414a773aca407bff3b1c57\"},\"headline\":\"Breakfast in a jar (GF)\",\"datePublished\":\"2016-03-26T18:07:46+00:00\",\"dateModified\":\"2019-12-26T16:01:11+00:00\",\"mainEntityOfPage\":{\"@id\":\"https:\/\/www.unpetitoiseaudanslacuisine.com\/breakfast-in-a-jar-petit-dej-bocal-gf\/\"},\"wordCount\":900,\"commentCount\":0,\"publisher\":{\"@id\":\"https:\/\/www.unpetitoiseaudanslacuisine.com\/#organization\"},\"keywords\":[\"ananas\",\"chia\",\"fraises\",\"framboise\",\"lait de coco\"],\"articleSection\":[\"Breakfast\",\"Power food\",\"Gluten Free\",\"Vegetarian\"],\"inLanguage\":\"en-US\",\"potentialAction\":[{\"@type\":\"CommentAction\",\"name\":\"Comment\",\"target\":[\"https:\/\/www.unpetitoiseaudanslacuisine.com\/breakfast-in-a-jar-petit-dej-bocal-gf\/#respond\"]}]},{\"@type\":\"WebPage\",\"@id\":\"https:\/\/www.unpetitoiseaudanslacuisine.com\/breakfast-in-a-jar-petit-dej-bocal-gf\/\",\"url\":\"https:\/\/www.unpetitoiseaudanslacuisine.com\/breakfast-in-a-jar-petit-dej-bocal-gf\/\",\"name\":\"Breakfast in a jar (GF) - Un petit Oiseau dans la Cuisine\",\"isPartOf\":{\"@id\":\"https:\/\/www.unpetitoiseaudanslacuisine.com\/#website\"},\"datePublished\":\"2016-03-26T18:07:46+00:00\",\"dateModified\":\"2019-12-26T16:01:11+00:00\",\"breadcrumb\":{\"@id\":\"https:\/\/www.unpetitoiseaudanslacuisine.com\/breakfast-in-a-jar-petit-dej-bocal-gf\/#breadcrumb\"},\"inLanguage\":\"en-US\",\"potentialAction\":[{\"@type\":\"ReadAction\",\"target\":[\"https:\/\/www.unpetitoiseaudanslacuisine.com\/breakfast-in-a-jar-petit-dej-bocal-gf\/\"]}]},{\"@type\":\"BreadcrumbList\",\"@id\":\"https:\/\/www.unpetitoiseaudanslacuisine.com\/breakfast-in-a-jar-petit-dej-bocal-gf\/#breadcrumb\",\"itemListElement\":[{\"@type\":\"ListItem\",\"position\":1,\"name\":\"Accueil\",\"item\":\"https:\/\/www.unpetitoiseaudanslacuisine.com\/\"},{\"@type\":\"ListItem\",\"position\":2,\"name\":\"Breakfast in a jar \/ Petit Dej&#8217; en bocal (GF)\"}]},{\"@type\":\"WebSite\",\"@id\":\"https:\/\/www.unpetitoiseaudanslacuisine.com\/#website\",\"url\":\"https:\/\/www.unpetitoiseaudanslacuisine.com\/\",\"name\":\"Un petit Oiseau dans la Cuisine\",\"description\":\"Amazing food for healthy people\",\"publisher\":{\"@id\":\"https:\/\/www.unpetitoiseaudanslacuisine.com\/#organization\"},\"potentialAction\":[{\"@type\":\"SearchAction\",\"target\":{\"@type\":\"EntryPoint\",\"urlTemplate\":\"https:\/\/www.unpetitoiseaudanslacuisine.com\/?s={search_term_string}\"},\"query-input\":\"required name=search_term_string\"}],\"inLanguage\":\"en-US\"},{\"@type\":\"Organization\",\"@id\":\"https:\/\/www.unpetitoiseaudanslacuisine.com\/#organization\",\"name\":\"Un petit Oiseau dans la Cuisine\",\"url\":\"https:\/\/www.unpetitoiseaudanslacuisine.com\/\",\"logo\":{\"@type\":\"ImageObject\",\"inLanguage\":\"en-US\",\"@id\":\"https:\/\/www.unpetitoiseaudanslacuisine.com\/#\/schema\/logo\/image\/\",\"url\":\"https:\/\/www.unpetitoiseaudanslacuisine.com\/wp-content\/uploads\/2019\/12\/Copy-of-Copy-of-Copy-of-Copy-of-Copy-of-Copy-of-Copy-of-Copy-of-Copy-of-Copy-of-LOGO-3.png\",\"contentUrl\":\"https:\/\/www.unpetitoiseaudanslacuisine.com\/wp-content\/uploads\/2019\/12\/Copy-of-Copy-of-Copy-of-Copy-of-Copy-of-Copy-of-Copy-of-Copy-of-Copy-of-Copy-of-LOGO-3.png\",\"width\":960,\"height\":540,\"caption\":\"Un petit Oiseau dans la Cuisine\"},\"image\":{\"@id\":\"https:\/\/www.unpetitoiseaudanslacuisine.com\/#\/schema\/logo\/image\/\"},\"sameAs\":[\"https:\/\/www.facebook.com\/unpetitoiseaudanslacuisine?ref=hl\",\"https:\/\/twitter.com\/Blakprada\"]},{\"@type\":\"Person\",\"@id\":\"https:\/\/www.unpetitoiseaudanslacuisine.com\/#\/schema\/person\/818491c4d8414a773aca407bff3b1c57\",\"name\":\"Eva\",\"image\":{\"@type\":\"ImageObject\",\"inLanguage\":\"en-US\",\"@id\":\"https:\/\/www.unpetitoiseaudanslacuisine.com\/#\/schema\/person\/image\/\",\"url\":\"https:\/\/secure.gravatar.com\/avatar\/27a7985b57debf7d4e602f9185d8cca81d1fe7279241f08bc61724059dcd0136?s=96&d=mm&r=g\",\"contentUrl\":\"https:\/\/secure.gravatar.com\/avatar\/27a7985b57debf7d4e602f9185d8cca81d1fe7279241f08bc61724059dcd0136?s=96&d=mm&r=g\",\"caption\":\"Eva\"},\"sameAs\":[\"https:\/\/www.unpetitoiseaudanslacuisine.com\",\"https:\/\/www.facebook.com\/unpetitoiseaudanslacuisine\/\",\"https:\/\/www.instagram.com\/unpetitoiseaudanslacuisine\/\"]}]}<\/script>\n<!-- \/ Yoast SEO Premium plugin. -->","yoast_head_json":{"title":"Breakfast in a jar (GF) - Un petit Oiseau dans la Cuisine","robots":{"index":"index","follow":"follow","max-snippet":"max-snippet:-1","max-image-preview":"max-image-preview:large","max-video-preview":"max-video-preview:-1"},"canonical":"https:\/\/www.unpetitoiseaudanslacuisine.com\/breakfast-in-a-jar-petit-dej-bocal-gf\/","og_locale":"en_US","og_type":"article","og_title":"Breakfast in a jar (GF) - Un petit Oiseau dans la Cuisine","og_url":"https:\/\/www.unpetitoiseaudanslacuisine.com\/breakfast-in-a-jar-petit-dej-bocal-gf\/","og_site_name":"Un petit Oiseau dans la Cuisine","article_publisher":"https:\/\/www.facebook.com\/unpetitoiseaudanslacuisine?ref=hl","article_author":"https:\/\/www.facebook.com\/unpetitoiseaudanslacuisine\/","article_published_time":"2016-03-26T18:07:46+00:00","article_modified_time":"2019-12-26T16:01:11+00:00","og_image":[{"width":1024,"height":768,"url":"https:\/\/www.unpetitoiseaudanslacuisine.com\/wp-content\/uploads\/2016\/03\/P1080142-1024x768.jpg","type":"image\/jpeg"}],"author":"Eva","twitter_card":"summary_large_image","twitter_creator":"@Blakprada","twitter_site":"@Blakprada","twitter_misc":{"Written by":"Eva","Est. reading time":"4 minutes"},"schema":{"@context":"https:\/\/schema.org","@graph":[{"@type":"Article","@id":"https:\/\/www.unpetitoiseaudanslacuisine.com\/breakfast-in-a-jar-petit-dej-bocal-gf\/#article","isPartOf":{"@id":"https:\/\/www.unpetitoiseaudanslacuisine.com\/breakfast-in-a-jar-petit-dej-bocal-gf\/"},"author":{"name":"Eva","@id":"https:\/\/www.unpetitoiseaudanslacuisine.com\/#\/schema\/person\/818491c4d8414a773aca407bff3b1c57"},"headline":"Breakfast in a jar (GF)","datePublished":"2016-03-26T18:07:46+00:00","dateModified":"2019-12-26T16:01:11+00:00","mainEntityOfPage":{"@id":"https:\/\/www.unpetitoiseaudanslacuisine.com\/breakfast-in-a-jar-petit-dej-bocal-gf\/"},"wordCount":900,"commentCount":0,"publisher":{"@id":"https:\/\/www.unpetitoiseaudanslacuisine.com\/#organization"},"keywords":["ananas","chia","fraises","framboise","lait de coco"],"articleSection":["Breakfast","Power food","Gluten Free","Vegetarian"],"inLanguage":"en-US","potentialAction":[{"@type":"CommentAction","name":"Comment","target":["https:\/\/www.unpetitoiseaudanslacuisine.com\/breakfast-in-a-jar-petit-dej-bocal-gf\/#respond"]}]},{"@type":"WebPage","@id":"https:\/\/www.unpetitoiseaudanslacuisine.com\/breakfast-in-a-jar-petit-dej-bocal-gf\/","url":"https:\/\/www.unpetitoiseaudanslacuisine.com\/breakfast-in-a-jar-petit-dej-bocal-gf\/","name":"Breakfast in a jar (GF) - Un petit Oiseau dans la Cuisine","isPartOf":{"@id":"https:\/\/www.unpetitoiseaudanslacuisine.com\/#website"},"datePublished":"2016-03-26T18:07:46+00:00","dateModified":"2019-12-26T16:01:11+00:00","breadcrumb":{"@id":"https:\/\/www.unpetitoiseaudanslacuisine.com\/breakfast-in-a-jar-petit-dej-bocal-gf\/#breadcrumb"},"inLanguage":"en-US","potentialAction":[{"@type":"ReadAction","target":["https:\/\/www.unpetitoiseaudanslacuisine.com\/breakfast-in-a-jar-petit-dej-bocal-gf\/"]}]},{"@type":"BreadcrumbList","@id":"https:\/\/www.unpetitoiseaudanslacuisine.com\/breakfast-in-a-jar-petit-dej-bocal-gf\/#breadcrumb","itemListElement":[{"@type":"ListItem","position":1,"name":"Accueil","item":"https:\/\/www.unpetitoiseaudanslacuisine.com\/"},{"@type":"ListItem","position":2,"name":"Breakfast in a jar \/ Petit Dej&#8217; en bocal (GF)"}]},{"@type":"WebSite","@id":"https:\/\/www.unpetitoiseaudanslacuisine.com\/#website","url":"https:\/\/www.unpetitoiseaudanslacuisine.com\/","name":"Un petit Oiseau dans la Cuisine","description":"Amazing food for healthy people","publisher":{"@id":"https:\/\/www.unpetitoiseaudanslacuisine.com\/#organization"},"potentialAction":[{"@type":"SearchAction","target":{"@type":"EntryPoint","urlTemplate":"https:\/\/www.unpetitoiseaudanslacuisine.com\/?s={search_term_string}"},"query-input":"required name=search_term_string"}],"inLanguage":"en-US"},{"@type":"Organization","@id":"https:\/\/www.unpetitoiseaudanslacuisine.com\/#organization","name":"Un petit Oiseau dans la Cuisine","url":"https:\/\/www.unpetitoiseaudanslacuisine.com\/","logo":{"@type":"ImageObject","inLanguage":"en-US","@id":"https:\/\/www.unpetitoiseaudanslacuisine.com\/#\/schema\/logo\/image\/","url":"https:\/\/www.unpetitoiseaudanslacuisine.com\/wp-content\/uploads\/2019\/12\/Copy-of-Copy-of-Copy-of-Copy-of-Copy-of-Copy-of-Copy-of-Copy-of-Copy-of-Copy-of-LOGO-3.png","contentUrl":"https:\/\/www.unpetitoiseaudanslacuisine.com\/wp-content\/uploads\/2019\/12\/Copy-of-Copy-of-Copy-of-Copy-of-Copy-of-Copy-of-Copy-of-Copy-of-Copy-of-Copy-of-LOGO-3.png","width":960,"height":540,"caption":"Un petit Oiseau dans la Cuisine"},"image":{"@id":"https:\/\/www.unpetitoiseaudanslacuisine.com\/#\/schema\/logo\/image\/"},"sameAs":["https:\/\/www.facebook.com\/unpetitoiseaudanslacuisine?ref=hl","https:\/\/twitter.com\/Blakprada"]},{"@type":"Person","@id":"https:\/\/www.unpetitoiseaudanslacuisine.com\/#\/schema\/person\/818491c4d8414a773aca407bff3b1c57","name":"Eva","image":{"@type":"ImageObject","inLanguage":"en-US","@id":"https:\/\/www.unpetitoiseaudanslacuisine.com\/#\/schema\/person\/image\/","url":"https:\/\/secure.gravatar.com\/avatar\/27a7985b57debf7d4e602f9185d8cca81d1fe7279241f08bc61724059dcd0136?s=96&d=mm&r=g","contentUrl":"https:\/\/secure.gravatar.com\/avatar\/27a7985b57debf7d4e602f9185d8cca81d1fe7279241f08bc61724059dcd0136?s=96&d=mm&r=g","caption":"Eva"},"sameAs":["https:\/\/www.unpetitoiseaudanslacuisine.com","https:\/\/www.facebook.com\/unpetitoiseaudanslacuisine\/","https:\/\/www.instagram.com\/unpetitoiseaudanslacuisine\/"]}]}},"jetpack_featured_media_url":"https:\/\/i0.wp.com\/www.unpetitoiseaudanslacuisine.com\/wp-content\/uploads\/2016\/03\/P1080142.jpg?fit=4608%2C3456&ssl=1","jetpack_sharing_enabled":true,"jetpack_shortlink":"https:\/\/wp.me\/p87SV0-144","jetpack-related-posts":[{"id":7836,"url":"https:\/\/www.unpetitoiseaudanslacuisine.com\/en\/granola-maison\/","url_meta":{"origin":4096,"position":0},"title":"Homemade granola","date":"2 September 2018","format":false,"excerpt":"{:fr} l Switch language for recipe in French l Granola maison Pour un bocal de granola maison Temps de pr\u00e9paration: 5min, temps de cuisson:15 min [ingredients title=\"Ingredients\"] 5 cas de flocons d\u2019avoine 2 cas de graines de tournesol 1 cas de noix de cajou 1 cas de miel liquide d\u2019acacia\u2026","rel":"","context":"In &quot;Breakfast&quot;","img":{"alt_text":"","src":"https:\/\/i0.wp.com\/www.unpetitoiseaudanslacuisine.com\/wp-content\/uploads\/cache\/2018\/09\/IMG_6087\/1074781700.jpg?resize=350%2C200&ssl=1","width":350,"height":200},"classes":[]},{"id":10125,"url":"https:\/\/www.unpetitoiseaudanslacuisine.com\/en\/granola-maison-au-chocolat\/","url_meta":{"origin":4096,"position":1},"title":"Homemade chocolate granola","date":"19 September 2020","format":false,"excerpt":"{:fr} l Switch language for recipe in English l Granola maison au chocolat Pour un bocal de granola maison Temps de pr\u00e9paration: 5min, temps de cuisson:15 min [ingredients title=\"Ingredients\"] 5 cas de flocons d\u2019avoine 2 cas de graines de courge 1 cas de noix de cajou 1 cas de miel\u2026","rel":"","context":"In &quot;Breakfast&quot;","img":{"alt_text":"","src":"https:\/\/i0.wp.com\/www.unpetitoiseaudanslacuisine.com\/wp-content\/uploads\/cache\/2020\/09\/IMG_1447-scaled\/3797394298.jpeg?resize=350%2C200&ssl=1","width":350,"height":200},"classes":[]},{"id":9245,"url":"https:\/\/www.unpetitoiseaudanslacuisine.com\/en\/pickles\/","url_meta":{"origin":4096,"position":2},"title":"Pickles","date":"16 November 2019","format":false,"excerpt":"{:fr} l Switch language for recipe in English l Pickles Pour un bocal de pickles Temps de pr\u00e9paration: 10 min, temps de cuisson: 10 min Je vous donne ici la recette de ma saumure pour r\u00e9aliser mes pickles que vous pourrez utiliser avec toutes sortes d\u2019association l\u00e9gumes\/herbes\/\u00e9pices. Pour vous donner\u2026","rel":"","context":"In &quot;Gluten Free&quot;","img":{"alt_text":"","src":"https:\/\/i0.wp.com\/www.unpetitoiseaudanslacuisine.com\/wp-content\/uploads\/cache\/2019\/11\/IMG_7165-scaled\/1580458879.jpg?resize=350%2C200&ssl=1","width":350,"height":200},"classes":[]},{"id":5752,"url":"https:\/\/www.unpetitoiseaudanslacuisine.com\/en\/pudding-aux-graines-de-chia-a-fraise\/","url_meta":{"origin":4096,"position":3},"title":"Strawberries Chia pudding","date":"23 March 2017","format":false,"excerpt":"{:fr}Pudding aux graines de chia et \u00e0 la fraise l Switch language for recipe in English l Je vous propose aujourd'hui un pudding aux graines de chia et \u00e0 la fraise. Les fraises sont de saison et ce petit d\u00e9jeuner que vous pourrez pr\u00e9parer \u00e0 l'avance va vous permettre de\u2026","rel":"","context":"In &quot;Breakfast&quot;","img":{"alt_text":"","src":"https:\/\/i0.wp.com\/www.unpetitoiseaudanslacuisine.com\/wp-content\/uploads\/cache\/2017\/03\/P1100943\/3393165171.jpg?resize=350%2C200&ssl=1","width":350,"height":200},"classes":[]},{"id":1142,"url":"https:\/\/www.unpetitoiseaudanslacuisine.com\/en\/chutney-de-betteraves\/","url_meta":{"origin":4096,"position":4},"title":"Beetroot chutney","date":"3 December 2015","format":false,"excerpt":"{:fr}Chutney de betterave l Switch language for recipe in English l Pour son premier No\u00ebl, Un petit Oiseau dans la cuisine a d\u00e9cid\u00e9 de participer au calendrier de l'avent des blogueuses culinaires. Ce joli projet nous a \u00e9t\u00e9 propos\u00e9 par Emeline du blog Mignardises et Compagnie\u00a0et va nous faire d\u00e9couvrir\u2026","rel":"","context":"In &quot;Sides&quot;","img":{"alt_text":"","src":"https:\/\/i0.wp.com\/www.unpetitoiseaudanslacuisine.com\/wp-content\/uploads\/cache\/2015\/12\/P1040686\/3913996378.jpg?resize=350%2C200&ssl=1","width":350,"height":200},"classes":[]},{"id":7279,"url":"https:\/\/www.unpetitoiseaudanslacuisine.com\/en\/petit-dejeuner-my-little-bouddha\/","url_meta":{"origin":4096,"position":5},"title":"Breakfast my little Buddha","date":"25 March 2018","format":false,"excerpt":"{:fr} l Switch language for recipe in English l Iswari a lanc\u00e9 sa gamme de petits d\u00e9jeuners adapt\u00e9s pour les enfants \u00e0 partir de l\u2019\u00e2ge de 3 ans. Les m\u00e9langes \u201cPetit Bouddha\u201d offrent des petits d\u00e9jeuners complets, \u00e9quilibr\u00e9s et sains. En plus de la pr\u00e9paration avec de l\u2019eau ou une\u2026","rel":"","context":"In &quot;Breakfast&quot;","img":{"alt_text":"","src":"https:\/\/i0.wp.com\/www.unpetitoiseaudanslacuisine.com\/wp-content\/uploads\/cache\/2018\/03\/IMG_0100-1\/2975062795.jpg?resize=350%2C200&ssl=1","width":350,"height":200},"classes":[]}],"_links":{"self":[{"href":"https:\/\/www.unpetitoiseaudanslacuisine.com\/en\/wp-json\/wp\/v2\/posts\/4096","targetHints":{"allow":["GET"]}}],"collection":[{"href":"https:\/\/www.unpetitoiseaudanslacuisine.com\/en\/wp-json\/wp\/v2\/posts"}],"about":[{"href":"https:\/\/www.unpetitoiseaudanslacuisine.com\/en\/wp-json\/wp\/v2\/types\/post"}],"author":[{"embeddable":true,"href":"https:\/\/www.unpetitoiseaudanslacuisine.com\/en\/wp-json\/wp\/v2\/users\/2"}],"replies":[{"embeddable":true,"href":"https:\/\/www.unpetitoiseaudanslacuisine.com\/en\/wp-json\/wp\/v2\/comments?post=4096"}],"version-history":[{"count":0,"href":"https:\/\/www.unpetitoiseaudanslacuisine.com\/en\/wp-json\/wp\/v2\/posts\/4096\/revisions"}],"wp:featuredmedia":[{"embeddable":true,"href":"https:\/\/www.unpetitoiseaudanslacuisine.com\/en\/wp-json\/wp\/v2\/media\/4107"}],"wp:attachment":[{"href":"https:\/\/www.unpetitoiseaudanslacuisine.com\/en\/wp-json\/wp\/v2\/media?parent=4096"}],"wp:term":[{"taxonomy":"category","embeddable":true,"href":"https:\/\/www.unpetitoiseaudanslacuisine.com\/en\/wp-json\/wp\/v2\/categories?post=4096"},{"taxonomy":"post_tag","embeddable":true,"href":"https:\/\/www.unpetitoiseaudanslacuisine.com\/en\/wp-json\/wp\/v2\/tags?post=4096"}],"curies":[{"name":"wp","href":"https:\/\/api.w.org\/{rel}","templated":true}]}}