{"id":8620,"date":"2019-06-10T19:03:16","date_gmt":"2019-06-10T17:03:16","guid":{"rendered":"https:\/\/www.unpetitoiseaudanslacuisine.com\/?p=8620"},"modified":"2019-12-26T17:00:55","modified_gmt":"2019-12-26T16:00:55","slug":"fregula-sarda-with-peas-and-roasted-vegetables","status":"publish","type":"post","link":"https:\/\/www.unpetitoiseaudanslacuisine.com\/en\/fregula-sarda-with-peas-and-roasted-vegetables\/","title":{"rendered":"Fregula sarda with peas and roasted vegetables"},"content":{"rendered":"<p>&nbsp;<\/p>\n<p>&nbsp;<\/p>\n<h4><a href=\"https:\/\/i0.wp.com\/www.unpetitoiseaudanslacuisine.com\/wp-content\/uploads\/2019\/06\/IMG_4665.jpg?ssl=1\"><img fetchpriority=\"high\" decoding=\"async\" data-attachment-id=\"8627\" data-permalink=\"https:\/\/www.unpetitoiseaudanslacuisine.com\/en\/fregula-sarda-with-peas-and-roasted-vegetables\/img_4665\/\" data-orig-file=\"https:\/\/i0.wp.com\/www.unpetitoiseaudanslacuisine.com\/wp-content\/uploads\/2019\/06\/IMG_4665.jpg?fit=3024%2C4032&amp;ssl=1\" data-orig-size=\"3024,4032\" data-comments-opened=\"1\" data-image-meta=\"{&quot;aperture&quot;:&quot;2.4&quot;,&quot;credit&quot;:&quot;&quot;,&quot;camera&quot;:&quot;iPhone XS&quot;,&quot;caption&quot;:&quot;&quot;,&quot;created_timestamp&quot;:&quot;1558795689&quot;,&quot;copyright&quot;:&quot;&quot;,&quot;focal_length&quot;:&quot;6&quot;,&quot;iso&quot;:&quot;80&quot;,&quot;shutter_speed&quot;:&quot;0.0081967213114754&quot;,&quot;title&quot;:&quot;&quot;,&quot;orientation&quot;:&quot;0&quot;}\" data-image-title=\"Fregula sarda aux petits pois et l\u00e9gumes r\u00f4tis\" data-image-description=\"\" data-image-caption=\"\" data-medium-file=\"https:\/\/i0.wp.com\/www.unpetitoiseaudanslacuisine.com\/wp-content\/uploads\/2019\/06\/IMG_4665.jpg?fit=225%2C300&amp;ssl=1\" data-large-file=\"https:\/\/i0.wp.com\/www.unpetitoiseaudanslacuisine.com\/wp-content\/uploads\/2019\/06\/IMG_4665.jpg?fit=750%2C1000&amp;ssl=1\" class=\"size-large wp-image-8627 aligncenter\" src=\"https:\/\/i0.wp.com\/www.unpetitoiseaudanslacuisine.com\/wp-content\/uploads\/2019\/06\/IMG_4665.jpg?resize=750%2C1000&#038;ssl=1\" alt=\"\" width=\"750\" height=\"1000\" srcset=\"https:\/\/i0.wp.com\/www.unpetitoiseaudanslacuisine.com\/wp-content\/uploads\/2019\/06\/IMG_4665.jpg?resize=768%2C1024&amp;ssl=1 768w, https:\/\/i0.wp.com\/www.unpetitoiseaudanslacuisine.com\/wp-content\/uploads\/2019\/06\/IMG_4665.jpg?resize=225%2C300&amp;ssl=1 225w, https:\/\/i0.wp.com\/www.unpetitoiseaudanslacuisine.com\/wp-content\/uploads\/2019\/06\/IMG_4665.jpg?resize=41%2C55&amp;ssl=1 41w, https:\/\/i0.wp.com\/www.unpetitoiseaudanslacuisine.com\/wp-content\/uploads\/2019\/06\/IMG_4665.jpg?resize=750%2C1000&amp;ssl=1 750w, https:\/\/i0.wp.com\/www.unpetitoiseaudanslacuisine.com\/wp-content\/uploads\/2019\/06\/IMG_4665.jpg?w=1500&amp;ssl=1 1500w, https:\/\/i0.wp.com\/www.unpetitoiseaudanslacuisine.com\/wp-content\/uploads\/2019\/06\/IMG_4665.jpg?w=2250&amp;ssl=1 2250w\" sizes=\"(max-width: 750px) 100vw, 750px\" data-recalc-dims=\"1\" \/><\/a><\/h4>\n<h4 style=\"text-align: center;\"><span style=\"color: #ff9900;\">l Switch language for recipe in French l<\/span><\/h4>\n<h4>Fregula sarda with peas and roasted vegetables<\/h4>\n<p>For 2 people<\/p>\n<p>Preparation time: 20 min, cooking time: 20 min<\/p>\n<p>[ingredients title=&#8221;Ingredients&#8221;]<\/p>\n<ul>\n<li>10 small carrots<\/li>\n<li>6 small green asparagus<\/li>\n<li>Olive oil<\/li>\n<li>1 tbsp of honey<\/li>\n<li>200g of Sardinian pasta &#8220;Fregula sarda&#8221;<\/li>\n<li>1 handful of frozen peas<\/li>\n<li>100 ml light cream<\/li>\n<\/ul>\n<p>[\/ingredients]<\/p>\n<h4>PREPARATION<\/h4>\n<ul>\n<li>Peel the carrots and cut the tails of the asparagus.<\/li>\n<li>In a pan of boiling water cook the peas for 5 minutes.<\/li>\n<li>Drain the peas and prepare the sauce by mixing the peas with the cream. Season with salt and pepper and reserve.<\/li>\n<li>Bring a pot of salted water to a boil and cook the small Sardinian pasta according to package recommendations.<\/li>\n<li>In a hot skillet, put the carrots and asparagus and add a drizzle of olive oil.<\/li>\n<li>When the vegetables are golden brown add a bottom of water in the pan and let the vegetables absorb the liquid.<\/li>\n<li>Add the honey and glaze the vegetables for a few minutes in the pan. Reserve in the hot pan.<\/li>\n<li>Drain the pasta and keep a ladle of cooking water.<\/li>\n<li>Pour the drained pasta back into the pan and stir with the pea sauce over low heat.<\/li>\n<li>Add a few spoons of cooking water.<\/li>\n<li>Arrange pasta with peas in plates with roasted vegetables.<\/li>\n<\/ul>\n<p><a href=\"https:\/\/i0.wp.com\/www.unpetitoiseaudanslacuisine.com\/wp-content\/uploads\/2019\/06\/IMG_4670.jpg?ssl=1\"><img decoding=\"async\" data-attachment-id=\"8626\" data-permalink=\"https:\/\/www.unpetitoiseaudanslacuisine.com\/en\/fregula-sarda-with-peas-and-roasted-vegetables\/img_4670\/\" data-orig-file=\"https:\/\/i0.wp.com\/www.unpetitoiseaudanslacuisine.com\/wp-content\/uploads\/2019\/06\/IMG_4670.jpg?fit=3024%2C4032&amp;ssl=1\" data-orig-size=\"3024,4032\" data-comments-opened=\"1\" data-image-meta=\"{&quot;aperture&quot;:&quot;2.4&quot;,&quot;credit&quot;:&quot;&quot;,&quot;camera&quot;:&quot;iPhone XS&quot;,&quot;caption&quot;:&quot;&quot;,&quot;created_timestamp&quot;:&quot;1558795705&quot;,&quot;copyright&quot;:&quot;&quot;,&quot;focal_length&quot;:&quot;6&quot;,&quot;iso&quot;:&quot;64&quot;,&quot;shutter_speed&quot;:&quot;0.0081967213114754&quot;,&quot;title&quot;:&quot;&quot;,&quot;orientation&quot;:&quot;0&quot;}\" data-image-title=\"Fregula sarda aux petits pois et l\u00e9gumes r\u00f4tis\" data-image-description=\"\" data-image-caption=\"\" data-medium-file=\"https:\/\/i0.wp.com\/www.unpetitoiseaudanslacuisine.com\/wp-content\/uploads\/2019\/06\/IMG_4670.jpg?fit=225%2C300&amp;ssl=1\" data-large-file=\"https:\/\/i0.wp.com\/www.unpetitoiseaudanslacuisine.com\/wp-content\/uploads\/2019\/06\/IMG_4670.jpg?fit=750%2C1000&amp;ssl=1\" class=\"size-large wp-image-8626 aligncenter\" src=\"https:\/\/i0.wp.com\/www.unpetitoiseaudanslacuisine.com\/wp-content\/uploads\/2019\/06\/IMG_4670.jpg?resize=750%2C1000&#038;ssl=1\" alt=\"\" width=\"750\" height=\"1000\" srcset=\"https:\/\/i0.wp.com\/www.unpetitoiseaudanslacuisine.com\/wp-content\/uploads\/2019\/06\/IMG_4670.jpg?resize=768%2C1024&amp;ssl=1 768w, https:\/\/i0.wp.com\/www.unpetitoiseaudanslacuisine.com\/wp-content\/uploads\/2019\/06\/IMG_4670.jpg?resize=225%2C300&amp;ssl=1 225w, https:\/\/i0.wp.com\/www.unpetitoiseaudanslacuisine.com\/wp-content\/uploads\/2019\/06\/IMG_4670.jpg?resize=41%2C55&amp;ssl=1 41w, https:\/\/i0.wp.com\/www.unpetitoiseaudanslacuisine.com\/wp-content\/uploads\/2019\/06\/IMG_4670.jpg?resize=750%2C1000&amp;ssl=1 750w, https:\/\/i0.wp.com\/www.unpetitoiseaudanslacuisine.com\/wp-content\/uploads\/2019\/06\/IMG_4670.jpg?w=1500&amp;ssl=1 1500w, https:\/\/i0.wp.com\/www.unpetitoiseaudanslacuisine.com\/wp-content\/uploads\/2019\/06\/IMG_4670.jpg?w=2250&amp;ssl=1 2250w\" sizes=\"(max-width: 750px) 100vw, 750px\" data-recalc-dims=\"1\" \/><\/a><\/p>\n<div id=\"recipe\"><\/div><div id=\"wprm-recipe-container-8632\" class=\"wprm-recipe-container\" data-recipe-id=\"8632\" data-servings=\"0\"><div class=\"wprm-recipe wprm-recipe-tastefully-simple\">\n\t<div class=\"wprm-recipe-image-container\">\n\t\t\t\t<div class=\"wprm-recipe-image\"><img decoding=\"async\" width=\"150\" height=\"150\" src=\"https:\/\/i0.wp.com\/www.unpetitoiseaudanslacuisine.com\/wp-content\/uploads\/2019\/06\/IMG_4671.jpg?resize=150%2C150&amp;ssl=1\" class=\"attachment-thumbnail size-thumbnail\" alt=\"\" srcset=\"https:\/\/i0.wp.com\/www.unpetitoiseaudanslacuisine.com\/wp-content\/uploads\/2019\/06\/IMG_4671.jpg?resize=150%2C150&amp;ssl=1 150w, https:\/\/i0.wp.com\/www.unpetitoiseaudanslacuisine.com\/wp-content\/uploads\/2019\/06\/IMG_4671.jpg?resize=500%2C500&amp;ssl=1 500w, https:\/\/i0.wp.com\/www.unpetitoiseaudanslacuisine.com\/wp-content\/uploads\/2019\/06\/IMG_4671.jpg?resize=360%2C360&amp;ssl=1 360w, https:\/\/i0.wp.com\/www.unpetitoiseaudanslacuisine.com\/wp-content\/uploads\/2019\/06\/IMG_4671.jpg?resize=100%2C100&amp;ssl=1 100w, https:\/\/i0.wp.com\/www.unpetitoiseaudanslacuisine.com\/wp-content\/uploads\/2019\/06\/IMG_4671.jpg?zoom=2&amp;resize=150%2C150&amp;ssl=1 300w, https:\/\/i0.wp.com\/www.unpetitoiseaudanslacuisine.com\/wp-content\/uploads\/2019\/06\/IMG_4671.jpg?zoom=3&amp;resize=150%2C150&amp;ssl=1 450w\" sizes=\"(max-width: 150px) 100vw, 150px\" data-attachment-id=\"8625\" data-permalink=\"https:\/\/www.unpetitoiseaudanslacuisine.com\/en\/fregula-sarda-with-peas-and-roasted-vegetables\/img_4671\/\" data-orig-file=\"https:\/\/i0.wp.com\/www.unpetitoiseaudanslacuisine.com\/wp-content\/uploads\/2019\/06\/IMG_4671.jpg?fit=3024%2C4032&amp;ssl=1\" data-orig-size=\"3024,4032\" data-comments-opened=\"1\" data-image-meta=\"{&quot;aperture&quot;:&quot;2.4&quot;,&quot;credit&quot;:&quot;&quot;,&quot;camera&quot;:&quot;iPhone XS&quot;,&quot;caption&quot;:&quot;&quot;,&quot;created_timestamp&quot;:&quot;1558795707&quot;,&quot;copyright&quot;:&quot;&quot;,&quot;focal_length&quot;:&quot;6&quot;,&quot;iso&quot;:&quot;64&quot;,&quot;shutter_speed&quot;:&quot;0.0081967213114754&quot;,&quot;title&quot;:&quot;&quot;,&quot;orientation&quot;:&quot;0&quot;}\" data-image-title=\"Fregula sarda aux petits pois et l\u00e9gumes r\u00f4tis\" data-image-description=\"\" data-image-caption=\"\" data-medium-file=\"https:\/\/i0.wp.com\/www.unpetitoiseaudanslacuisine.com\/wp-content\/uploads\/2019\/06\/IMG_4671.jpg?fit=225%2C300&amp;ssl=1\" data-large-file=\"https:\/\/i0.wp.com\/www.unpetitoiseaudanslacuisine.com\/wp-content\/uploads\/2019\/06\/IMG_4671.jpg?fit=750%2C1000&amp;ssl=1\" \/><\/div>\n\t\t<div class=\"wprm-recipe-buttons\">\n\t\t\t<a href=\"https:\/\/www.unpetitoiseaudanslacuisine.com\/en\/wprm_print\/8632\" class=\"wprm-recipe-print wprm-color-accent\" target=\"_blank\" rel=\"nofollow\">Imprimer<\/a>\n\t\t<\/div>\n\t<\/div>\n\t<div class=\"wprm-recipe-name wprm-color-header\">Fregula sarda with peas and roasted vegetables<\/div>\n\t\t<div class=\"wprm-recipe-summary\">\n\t\tFor 2 people Preparation time: 20 min, cooking time: 20 min\t<\/div>\n\t<div class=\"wprm-recipe-details-container\">\n\t\t\t\t\t\t\t\t\t<\/div>\n\n\t\t<div class=\"wprm-recipe-ingredients-container\">\n\t\t<div class=\"wprm-recipe-header wprm-color-header\">Ingr\u00e9dients<\/div>\n\t\t\t\t<div class=\"wprm-recipe-ingredient-group\">\n\t\t\t\t\t\t<ul class=\"wprm-recipe-ingredients\">\n\t\t\t\t\t\t\t\t<li class=\"wprm-recipe-ingredient\">\n\t\t\t\t\t\t\t\t\t\t<span class=\"wprm-recipe-ingredient-amount\">10<\/span>\n\t\t\t\t\t\t\t\t\t\t\t\t\t\t\t<span class=\"wprm-recipe-ingredient-name\">small carrots<\/span>\n\t\t\t\t\t\t\t\t\t<\/li>\n\t\t\t\t\t\t\t\t<li class=\"wprm-recipe-ingredient\">\n\t\t\t\t\t\t\t\t\t\t<span class=\"wprm-recipe-ingredient-amount\">6<\/span>\n\t\t\t\t\t\t\t\t\t\t\t\t\t\t\t<span class=\"wprm-recipe-ingredient-name\">small green asparagus<\/span>\n\t\t\t\t\t\t\t\t\t<\/li>\n\t\t\t\t\t\t\t\t<li class=\"wprm-recipe-ingredient\">\n\t\t\t\t\t\t\t\t\t\t\t\t\t\t\t<span class=\"wprm-recipe-ingredient-name\">Olive oil<\/span>\n\t\t\t\t\t\t\t\t\t<\/li>\n\t\t\t\t\t\t\t\t<li class=\"wprm-recipe-ingredient\">\n\t\t\t\t\t\t\t\t\t\t<span class=\"wprm-recipe-ingredient-amount\">1<\/span>\n\t\t\t\t\t\t\t\t\t\t\t\t\t\t\t<span class=\"wprm-recipe-ingredient-name\">tbsp of honey<\/span>\n\t\t\t\t\t\t\t\t\t<\/li>\n\t\t\t\t\t\t\t\t<li class=\"wprm-recipe-ingredient\">\n\t\t\t\t\t\t\t\t\t\t<span class=\"wprm-recipe-ingredient-amount\">200<\/span>\n\t\t\t\t\t\t\t\t\t\t\t\t\t\t\t<span class=\"wprm-recipe-ingredient-unit\">g<\/span>\n\t\t\t\t\t\t\t\t\t\t<span class=\"wprm-recipe-ingredient-name\">of Sardinian pasta \"Fregula sarda\"<\/span>\n\t\t\t\t\t\t\t\t\t<\/li>\n\t\t\t\t\t\t\t\t<li class=\"wprm-recipe-ingredient\">\n\t\t\t\t\t\t\t\t\t\t<span class=\"wprm-recipe-ingredient-amount\">1<\/span>\n\t\t\t\t\t\t\t\t\t\t\t\t\t\t\t<span class=\"wprm-recipe-ingredient-name\">handful of frozen peas<\/span>\n\t\t\t\t\t\t\t\t\t<\/li>\n\t\t\t\t\t\t\t\t<li class=\"wprm-recipe-ingredient\">\n\t\t\t\t\t\t\t\t\t\t<span class=\"wprm-recipe-ingredient-amount\">100<\/span>\n\t\t\t\t\t\t\t\t\t\t\t\t\t\t\t<span class=\"wprm-recipe-ingredient-unit\">ml<\/span>\n\t\t\t\t\t\t\t\t\t\t<span class=\"wprm-recipe-ingredient-name\">light cream<\/span>\n\t\t\t\t\t\t\t\t\t<\/li>\n\t\t\t\t\t\t\t<\/ul>\n\t\t<\/div>\n\t \t \t<\/div>\n\t\t\t<div class=\"wprm-recipe-instructions-container\">\n\t\t<div class=\"wprm-recipe-header wprm-color-header\">Instructions<\/div>\n\t\t\t\t<div class=\"wprm-recipe-instruction-group\">\n\t\t\t\t\t\t<ol class=\"wprm-recipe-instructions\">\n\t\t\t\t\t\t\t\t<li class=\"wprm-recipe-instruction\">\n\t\t\t\t\t\t\t\t\t\t<div class=\"wprm-recipe-instruction-text\">Peel the carrots and cut the tails of the asparagus.<\/div>\n\t\t\t\t\t\t\t\t\t\t\t\t\t\t<\/li>\n\t\t\t\t\t\t\t\t<li class=\"wprm-recipe-instruction\">\n\t\t\t\t\t\t\t\t\t\t<div class=\"wprm-recipe-instruction-text\">In a pan of boiling water cook the peas for 5 minutes.<\/div>\n\t\t\t\t\t\t\t\t\t\t\t\t\t\t<\/li>\n\t\t\t\t\t\t\t\t<li class=\"wprm-recipe-instruction\">\n\t\t\t\t\t\t\t\t\t\t<div class=\"wprm-recipe-instruction-text\">Drain the peas and prepare the sauce by mixing the peas with the cream. Season with salt and pepper and reserve.<\/div>\n\t\t\t\t\t\t\t\t\t\t\t\t\t\t<\/li>\n\t\t\t\t\t\t\t\t<li class=\"wprm-recipe-instruction\">\n\t\t\t\t\t\t\t\t\t\t<div class=\"wprm-recipe-instruction-text\">Bring a pot of salted water to a boil and cook the small Sardinian pasta according to package recommendations.<\/div>\n\t\t\t\t\t\t\t\t\t\t\t\t\t\t<\/li>\n\t\t\t\t\t\t\t\t<li class=\"wprm-recipe-instruction\">\n\t\t\t\t\t\t\t\t\t\t<div class=\"wprm-recipe-instruction-text\">In a hot skillet, put the carrots and asparagus and add a drizzle of olive oil.<\/div>\n\t\t\t\t\t\t\t\t\t\t\t\t\t\t<\/li>\n\t\t\t\t\t\t\t\t<li class=\"wprm-recipe-instruction\">\n\t\t\t\t\t\t\t\t\t\t<div class=\"wprm-recipe-instruction-text\">When the vegetables are golden brown add a bottom of water in the pan and let the vegetables absorb the liquid.<\/div>\n\t\t\t\t\t\t\t\t\t\t\t\t\t\t<\/li>\n\t\t\t\t\t\t\t\t<li class=\"wprm-recipe-instruction\">\n\t\t\t\t\t\t\t\t\t\t<div class=\"wprm-recipe-instruction-text\">Add the honey and glaze the vegetables for a few minutes in the pan. Reserve in the hot pan.<\/div>\n\t\t\t\t\t\t\t\t\t\t\t\t\t\t<\/li>\n\t\t\t\t\t\t\t\t<li class=\"wprm-recipe-instruction\">\n\t\t\t\t\t\t\t\t\t\t<div class=\"wprm-recipe-instruction-text\">Drain the pasta and keep a ladle of cooking water.<\/div>\n\t\t\t\t\t\t\t\t\t\t\t\t\t\t<\/li>\n\t\t\t\t\t\t\t\t<li class=\"wprm-recipe-instruction\">\n\t\t\t\t\t\t\t\t\t\t<div class=\"wprm-recipe-instruction-text\">Pour the drained pasta back into the pan and stir with the pea sauce over low heat.<\/div>\n\t\t\t\t\t\t\t\t\t\t\t\t\t\t<\/li>\n\t\t\t\t\t\t\t\t<li class=\"wprm-recipe-instruction\">\n\t\t\t\t\t\t\t\t\t\t<div class=\"wprm-recipe-instruction-text\">Add a few spoons of cooking water.<\/div>\n\t\t\t\t\t\t\t\t\t\t\t\t\t\t<\/li>\n\t\t\t\t\t\t\t\t<li class=\"wprm-recipe-instruction\">\n\t\t\t\t\t\t\t\t\t\t<div class=\"wprm-recipe-instruction-text\">Arrange pasta with peas in plates with roasted vegetables.<\/div>\n\t\t\t\t\t\t\t\t\t\t\t\t\t\t<\/li>\n\t\t\t\t\t\t\t<\/ol>\n\t\t<\/div>\n\t\t\t<\/div>\n\t\t\t\t<\/div>\n<\/div>\n<p>&nbsp;<\/p>\n","protected":false},"excerpt":{"rendered":"<p>&nbsp; &nbsp; l Switch language for recipe in French l Fregula sarda with peas and roasted vegetables For 2 people Preparation time: 20 min, cooking time: 20 min [ingredients title=&#8221;Ingredients&#8221;] 10 small carrots 6 small green asparagus Olive oil 1 tbsp of honey 200g of Sardinian pasta &#8220;Fregula sarda&#8221; 1 handful of frozen peas 100 [&hellip;]<\/p>\n","protected":false},"author":2,"featured_media":8625,"comment_status":"open","ping_status":"open","sticky":false,"template":"","format":"standard","meta":{"wprm-recipe-roundup-name":"","wprm-recipe-roundup-description":"","_exactmetrics_skip_tracking":false,"_exactmetrics_sitenote_active":false,"_exactmetrics_sitenote_note":"","_exactmetrics_sitenote_category":0,"jetpack_post_was_ever_published":false,"footnotes":"","jetpack_publicize_message":"","jetpack_is_tweetstorm":false,"jetpack_publicize_feature_enabled":true,"jetpack_social_post_already_shared":false,"jetpack_social_options":{"image_generator_settings":{"template":"highway","enabled":false}}},"categories":[108,517,4,186,70,510],"tags":[],"class_list":["post-8620","post","type-post","status-publish","format-standard","has-post-thumbnail","hentry","category-accompagnement","category-buddha-bowls","category-legumes","category-power-food","category-pates","category-vegetarien"],"translation":{"provider":"WPGlobus","version":"2.10.10","language":"en","enabled_languages":["fr","en"],"languages":{"fr":{"title":true,"content":true,"excerpt":false},"en":{"title":true,"content":true,"excerpt":false}}},"jetpack_publicize_connections":[],"yoast_head":"<!-- This site is optimized with the Yoast SEO Premium plugin v19.5 (Yoast SEO v20.5) - https:\/\/yoast.com\/wordpress\/plugins\/seo\/ -->\n<title>Fregula sarda with peas and roasted vegetables - Un petit Oiseau dans la Cuisine<\/title>\n<meta name=\"robots\" content=\"index, follow, max-snippet:-1, max-image-preview:large, max-video-preview:-1\" \/>\n<link rel=\"canonical\" href=\"https:\/\/www.unpetitoiseaudanslacuisine.com\/en\/fregula-sarda-with-peas-and-roasted-vegetables\/\" \/>\n<meta property=\"og:locale\" content=\"en_US\" \/>\n<meta property=\"og:type\" content=\"article\" \/>\n<meta property=\"og:title\" content=\"Fregula sarda with peas and roasted vegetables - Un petit Oiseau dans la Cuisine\" \/>\n<meta property=\"og:url\" content=\"https:\/\/www.unpetitoiseaudanslacuisine.com\/en\/fregula-sarda-with-peas-and-roasted-vegetables\/\" \/>\n<meta property=\"og:site_name\" content=\"Un petit Oiseau dans la Cuisine\" \/>\n<meta property=\"article:publisher\" content=\"https:\/\/www.facebook.com\/unpetitoiseaudanslacuisine?ref=hl\" \/>\n<meta property=\"article:author\" content=\"https:\/\/www.facebook.com\/unpetitoiseaudanslacuisine\/\" \/>\n<meta property=\"article:published_time\" content=\"2019-06-10T17:03:16+00:00\" \/>\n<meta property=\"article:modified_time\" content=\"2019-12-26T16:00:55+00:00\" \/>\n<meta property=\"og:image\" content=\"https:\/\/www.unpetitoiseaudanslacuisine.com\/wp-content\/uploads\/2019\/06\/IMG_4671-768x1024.jpg\" \/>\n\t<meta property=\"og:image:width\" content=\"768\" \/>\n\t<meta property=\"og:image:height\" content=\"1024\" \/>\n\t<meta property=\"og:image:type\" content=\"image\/jpeg\" \/>\n<meta name=\"author\" content=\"Eva\" \/>\n<meta name=\"twitter:card\" content=\"summary_large_image\" \/>\n<meta name=\"twitter:creator\" content=\"@Blakprada\" \/>\n<meta name=\"twitter:site\" content=\"@Blakprada\" \/>\n<meta name=\"twitter:label1\" content=\"Written by\" \/>\n\t<meta name=\"twitter:data1\" content=\"Eva\" \/>\n\t<meta name=\"twitter:label2\" content=\"Est. reading time\" \/>\n\t<meta name=\"twitter:data2\" content=\"5 minutes\" \/>\n<script type=\"application\/ld+json\" class=\"yoast-schema-graph\">{\"@context\":\"https:\/\/schema.org\",\"@graph\":[{\"@type\":\"Article\",\"@id\":\"https:\/\/www.unpetitoiseaudanslacuisine.com\/en\/fregula-sarda-with-peas-and-roasted-vegetables\/#article\",\"isPartOf\":{\"@id\":\"https:\/\/www.unpetitoiseaudanslacuisine.com\/en\/fregula-sarda-with-peas-and-roasted-vegetables\/\"},\"author\":{\"name\":\"Eva\",\"@id\":\"https:\/\/www.unpetitoiseaudanslacuisine.com\/#\/schema\/person\/818491c4d8414a773aca407bff3b1c57\"},\"headline\":\"Fregula sarda with peas and roasted vegetables\",\"datePublished\":\"2019-06-10T17:03:16+00:00\",\"dateModified\":\"2019-12-26T16:00:55+00:00\",\"mainEntityOfPage\":{\"@id\":\"https:\/\/www.unpetitoiseaudanslacuisine.com\/en\/fregula-sarda-with-peas-and-roasted-vegetables\/\"},\"wordCount\":933,\"commentCount\":2,\"publisher\":{\"@id\":\"https:\/\/www.unpetitoiseaudanslacuisine.com\/#organization\"},\"articleSection\":[\"Sides\",\"Buddha bowl\",\"Vegetables &amp; Legumes\",\"Power food\",\"Rice &amp; Pasta\",\"Vegetarian\"],\"inLanguage\":\"en-US\",\"potentialAction\":[{\"@type\":\"CommentAction\",\"name\":\"Comment\",\"target\":[\"https:\/\/www.unpetitoiseaudanslacuisine.com\/en\/fregula-sarda-with-peas-and-roasted-vegetables\/#respond\"]}]},{\"@type\":\"WebPage\",\"@id\":\"https:\/\/www.unpetitoiseaudanslacuisine.com\/en\/fregula-sarda-with-peas-and-roasted-vegetables\/\",\"url\":\"https:\/\/www.unpetitoiseaudanslacuisine.com\/en\/fregula-sarda-with-peas-and-roasted-vegetables\/\",\"name\":\"Fregula sarda with peas and roasted vegetables - Un petit Oiseau dans la Cuisine\",\"isPartOf\":{\"@id\":\"https:\/\/www.unpetitoiseaudanslacuisine.com\/#website\"},\"datePublished\":\"2019-06-10T17:03:16+00:00\",\"dateModified\":\"2019-12-26T16:00:55+00:00\",\"breadcrumb\":{\"@id\":\"https:\/\/www.unpetitoiseaudanslacuisine.com\/en\/fregula-sarda-with-peas-and-roasted-vegetables\/#breadcrumb\"},\"inLanguage\":\"en-US\",\"potentialAction\":[{\"@type\":\"ReadAction\",\"target\":[\"https:\/\/www.unpetitoiseaudanslacuisine.com\/en\/fregula-sarda-with-peas-and-roasted-vegetables\/\"]}]},{\"@type\":\"BreadcrumbList\",\"@id\":\"https:\/\/www.unpetitoiseaudanslacuisine.com\/en\/fregula-sarda-with-peas-and-roasted-vegetables\/#breadcrumb\",\"itemListElement\":[{\"@type\":\"ListItem\",\"position\":1,\"name\":\"Accueil\",\"item\":\"https:\/\/www.unpetitoiseaudanslacuisine.com\/\"},{\"@type\":\"ListItem\",\"position\":2,\"name\":\"Fregula sarda with peas and roasted vegetables\"}]},{\"@type\":\"WebSite\",\"@id\":\"https:\/\/www.unpetitoiseaudanslacuisine.com\/#website\",\"url\":\"https:\/\/www.unpetitoiseaudanslacuisine.com\/\",\"name\":\"Un petit Oiseau dans la Cuisine\",\"description\":\"Amazing food for healthy people\",\"publisher\":{\"@id\":\"https:\/\/www.unpetitoiseaudanslacuisine.com\/#organization\"},\"potentialAction\":[{\"@type\":\"SearchAction\",\"target\":{\"@type\":\"EntryPoint\",\"urlTemplate\":\"https:\/\/www.unpetitoiseaudanslacuisine.com\/?s={search_term_string}\"},\"query-input\":\"required name=search_term_string\"}],\"inLanguage\":\"en-US\"},{\"@type\":\"Organization\",\"@id\":\"https:\/\/www.unpetitoiseaudanslacuisine.com\/#organization\",\"name\":\"Un petit Oiseau dans la Cuisine\",\"url\":\"https:\/\/www.unpetitoiseaudanslacuisine.com\/\",\"logo\":{\"@type\":\"ImageObject\",\"inLanguage\":\"en-US\",\"@id\":\"https:\/\/www.unpetitoiseaudanslacuisine.com\/#\/schema\/logo\/image\/\",\"url\":\"https:\/\/www.unpetitoiseaudanslacuisine.com\/wp-content\/uploads\/2019\/12\/Copy-of-Copy-of-Copy-of-Copy-of-Copy-of-Copy-of-Copy-of-Copy-of-Copy-of-Copy-of-LOGO-3.png\",\"contentUrl\":\"https:\/\/www.unpetitoiseaudanslacuisine.com\/wp-content\/uploads\/2019\/12\/Copy-of-Copy-of-Copy-of-Copy-of-Copy-of-Copy-of-Copy-of-Copy-of-Copy-of-Copy-of-LOGO-3.png\",\"width\":960,\"height\":540,\"caption\":\"Un petit Oiseau dans la Cuisine\"},\"image\":{\"@id\":\"https:\/\/www.unpetitoiseaudanslacuisine.com\/#\/schema\/logo\/image\/\"},\"sameAs\":[\"https:\/\/www.facebook.com\/unpetitoiseaudanslacuisine?ref=hl\",\"https:\/\/twitter.com\/Blakprada\"]},{\"@type\":\"Person\",\"@id\":\"https:\/\/www.unpetitoiseaudanslacuisine.com\/#\/schema\/person\/818491c4d8414a773aca407bff3b1c57\",\"name\":\"Eva\",\"image\":{\"@type\":\"ImageObject\",\"inLanguage\":\"en-US\",\"@id\":\"https:\/\/www.unpetitoiseaudanslacuisine.com\/#\/schema\/person\/image\/\",\"url\":\"https:\/\/secure.gravatar.com\/avatar\/27a7985b57debf7d4e602f9185d8cca81d1fe7279241f08bc61724059dcd0136?s=96&d=mm&r=g\",\"contentUrl\":\"https:\/\/secure.gravatar.com\/avatar\/27a7985b57debf7d4e602f9185d8cca81d1fe7279241f08bc61724059dcd0136?s=96&d=mm&r=g\",\"caption\":\"Eva\"},\"sameAs\":[\"https:\/\/www.unpetitoiseaudanslacuisine.com\",\"https:\/\/www.facebook.com\/unpetitoiseaudanslacuisine\/\",\"https:\/\/www.instagram.com\/unpetitoiseaudanslacuisine\/\"]}]}<\/script>\n<!-- \/ Yoast SEO Premium plugin. -->","yoast_head_json":{"title":"Fregula sarda with peas and roasted vegetables - Un petit Oiseau dans la Cuisine","robots":{"index":"index","follow":"follow","max-snippet":"max-snippet:-1","max-image-preview":"max-image-preview:large","max-video-preview":"max-video-preview:-1"},"canonical":"https:\/\/www.unpetitoiseaudanslacuisine.com\/en\/fregula-sarda-with-peas-and-roasted-vegetables\/","og_locale":"en_US","og_type":"article","og_title":"Fregula sarda with peas and roasted vegetables - Un petit Oiseau dans la Cuisine","og_url":"https:\/\/www.unpetitoiseaudanslacuisine.com\/en\/fregula-sarda-with-peas-and-roasted-vegetables\/","og_site_name":"Un petit Oiseau dans la Cuisine","article_publisher":"https:\/\/www.facebook.com\/unpetitoiseaudanslacuisine?ref=hl","article_author":"https:\/\/www.facebook.com\/unpetitoiseaudanslacuisine\/","article_published_time":"2019-06-10T17:03:16+00:00","article_modified_time":"2019-12-26T16:00:55+00:00","og_image":[{"width":768,"height":1024,"url":"https:\/\/www.unpetitoiseaudanslacuisine.com\/wp-content\/uploads\/2019\/06\/IMG_4671-768x1024.jpg","type":"image\/jpeg"}],"author":"Eva","twitter_card":"summary_large_image","twitter_creator":"@Blakprada","twitter_site":"@Blakprada","twitter_misc":{"Written by":"Eva","Est. reading time":"5 minutes"},"schema":{"@context":"https:\/\/schema.org","@graph":[{"@type":"Article","@id":"https:\/\/www.unpetitoiseaudanslacuisine.com\/en\/fregula-sarda-with-peas-and-roasted-vegetables\/#article","isPartOf":{"@id":"https:\/\/www.unpetitoiseaudanslacuisine.com\/en\/fregula-sarda-with-peas-and-roasted-vegetables\/"},"author":{"name":"Eva","@id":"https:\/\/www.unpetitoiseaudanslacuisine.com\/#\/schema\/person\/818491c4d8414a773aca407bff3b1c57"},"headline":"Fregula sarda with peas and roasted vegetables","datePublished":"2019-06-10T17:03:16+00:00","dateModified":"2019-12-26T16:00:55+00:00","mainEntityOfPage":{"@id":"https:\/\/www.unpetitoiseaudanslacuisine.com\/en\/fregula-sarda-with-peas-and-roasted-vegetables\/"},"wordCount":933,"commentCount":2,"publisher":{"@id":"https:\/\/www.unpetitoiseaudanslacuisine.com\/#organization"},"articleSection":["Sides","Buddha bowl","Vegetables &amp; Legumes","Power food","Rice &amp; Pasta","Vegetarian"],"inLanguage":"en-US","potentialAction":[{"@type":"CommentAction","name":"Comment","target":["https:\/\/www.unpetitoiseaudanslacuisine.com\/en\/fregula-sarda-with-peas-and-roasted-vegetables\/#respond"]}]},{"@type":"WebPage","@id":"https:\/\/www.unpetitoiseaudanslacuisine.com\/en\/fregula-sarda-with-peas-and-roasted-vegetables\/","url":"https:\/\/www.unpetitoiseaudanslacuisine.com\/en\/fregula-sarda-with-peas-and-roasted-vegetables\/","name":"Fregula sarda with peas and roasted vegetables - Un petit Oiseau dans la Cuisine","isPartOf":{"@id":"https:\/\/www.unpetitoiseaudanslacuisine.com\/#website"},"datePublished":"2019-06-10T17:03:16+00:00","dateModified":"2019-12-26T16:00:55+00:00","breadcrumb":{"@id":"https:\/\/www.unpetitoiseaudanslacuisine.com\/en\/fregula-sarda-with-peas-and-roasted-vegetables\/#breadcrumb"},"inLanguage":"en-US","potentialAction":[{"@type":"ReadAction","target":["https:\/\/www.unpetitoiseaudanslacuisine.com\/en\/fregula-sarda-with-peas-and-roasted-vegetables\/"]}]},{"@type":"BreadcrumbList","@id":"https:\/\/www.unpetitoiseaudanslacuisine.com\/en\/fregula-sarda-with-peas-and-roasted-vegetables\/#breadcrumb","itemListElement":[{"@type":"ListItem","position":1,"name":"Accueil","item":"https:\/\/www.unpetitoiseaudanslacuisine.com\/"},{"@type":"ListItem","position":2,"name":"Fregula sarda with peas and roasted vegetables"}]},{"@type":"WebSite","@id":"https:\/\/www.unpetitoiseaudanslacuisine.com\/#website","url":"https:\/\/www.unpetitoiseaudanslacuisine.com\/","name":"Un petit Oiseau dans la Cuisine","description":"Amazing food for healthy people","publisher":{"@id":"https:\/\/www.unpetitoiseaudanslacuisine.com\/#organization"},"potentialAction":[{"@type":"SearchAction","target":{"@type":"EntryPoint","urlTemplate":"https:\/\/www.unpetitoiseaudanslacuisine.com\/?s={search_term_string}"},"query-input":"required name=search_term_string"}],"inLanguage":"en-US"},{"@type":"Organization","@id":"https:\/\/www.unpetitoiseaudanslacuisine.com\/#organization","name":"Un petit Oiseau dans la Cuisine","url":"https:\/\/www.unpetitoiseaudanslacuisine.com\/","logo":{"@type":"ImageObject","inLanguage":"en-US","@id":"https:\/\/www.unpetitoiseaudanslacuisine.com\/#\/schema\/logo\/image\/","url":"https:\/\/www.unpetitoiseaudanslacuisine.com\/wp-content\/uploads\/2019\/12\/Copy-of-Copy-of-Copy-of-Copy-of-Copy-of-Copy-of-Copy-of-Copy-of-Copy-of-Copy-of-LOGO-3.png","contentUrl":"https:\/\/www.unpetitoiseaudanslacuisine.com\/wp-content\/uploads\/2019\/12\/Copy-of-Copy-of-Copy-of-Copy-of-Copy-of-Copy-of-Copy-of-Copy-of-Copy-of-Copy-of-LOGO-3.png","width":960,"height":540,"caption":"Un petit Oiseau dans la Cuisine"},"image":{"@id":"https:\/\/www.unpetitoiseaudanslacuisine.com\/#\/schema\/logo\/image\/"},"sameAs":["https:\/\/www.facebook.com\/unpetitoiseaudanslacuisine?ref=hl","https:\/\/twitter.com\/Blakprada"]},{"@type":"Person","@id":"https:\/\/www.unpetitoiseaudanslacuisine.com\/#\/schema\/person\/818491c4d8414a773aca407bff3b1c57","name":"Eva","image":{"@type":"ImageObject","inLanguage":"en-US","@id":"https:\/\/www.unpetitoiseaudanslacuisine.com\/#\/schema\/person\/image\/","url":"https:\/\/secure.gravatar.com\/avatar\/27a7985b57debf7d4e602f9185d8cca81d1fe7279241f08bc61724059dcd0136?s=96&d=mm&r=g","contentUrl":"https:\/\/secure.gravatar.com\/avatar\/27a7985b57debf7d4e602f9185d8cca81d1fe7279241f08bc61724059dcd0136?s=96&d=mm&r=g","caption":"Eva"},"sameAs":["https:\/\/www.unpetitoiseaudanslacuisine.com","https:\/\/www.facebook.com\/unpetitoiseaudanslacuisine\/","https:\/\/www.instagram.com\/unpetitoiseaudanslacuisine\/"]}]}},"jetpack_featured_media_url":"https:\/\/i0.wp.com\/www.unpetitoiseaudanslacuisine.com\/wp-content\/uploads\/2019\/06\/IMG_4671.jpg?fit=3024%2C4032&ssl=1","jetpack_sharing_enabled":true,"jetpack_shortlink":"https:\/\/wp.me\/p87SV0-2f2","jetpack-related-posts":[{"id":5445,"url":"https:\/\/www.unpetitoiseaudanslacuisine.com\/en\/buddha-bowl-sarrasin-legumes-rotis\/","url_meta":{"origin":8620,"position":0},"title":"Buckwheat buddha bowl with roasted vegetables","date":"25 February 2017","format":false,"excerpt":"{:fr}Buddha Bowl au sarrasin et l\u00e9gumes r\u00f4tis l Switch language for recipe in English l Voici ma derni\u00e8re recette de Buddha bowl \u00e0 base cette fois de graines de sarrasin et de l\u00e9gumes r\u00f4tis. L'ensemble est compl\u00e8tement v\u00e9g\u00e9tarien, vegan et sans gluten. Le sarrasin est une pseudo-c\u00e9r\u00e9ale\u00a0exempt de gluten et\u2026","rel":"","context":"In &quot;Buddha bowl&quot;","img":{"alt_text":"","src":"https:\/\/i0.wp.com\/www.unpetitoiseaudanslacuisine.com\/wp-content\/uploads\/cache\/2017\/02\/P1100533\/868536695.jpg?resize=350%2C200&ssl=1","width":350,"height":200},"classes":[]},{"id":7535,"url":"https:\/\/www.unpetitoiseaudanslacuisine.com\/en\/fusilli-a-la-creme-de-petits-pois-vegan\/","url_meta":{"origin":8620,"position":1},"title":"Fusilli with vegan pea cream","date":"21 May 2018","format":false,"excerpt":"{:fr} l Switch language for recipe in English l Fusilli \u00e0 la cr\u00e8me de petits pois Vegan Pour 2 personnes Temps de pr\u00e9paration : 10 min, temps de cuisson: 15 min [ingredients title=\"Ingredients\"] 200g de fusilli crues 1 poign\u00e9e de petits pois congel\u00e9s 20 noix de cajou 50ml d\u2019eau chaude\u2026","rel":"","context":"In &quot;Sides&quot;","img":{"alt_text":"","src":"https:\/\/i0.wp.com\/www.unpetitoiseaudanslacuisine.com\/wp-content\/uploads\/cache\/2018\/05\/IMG_4968\/1619848544.jpg?resize=350%2C200&ssl=1","width":350,"height":200},"classes":[]},{"id":7402,"url":"https:\/\/www.unpetitoiseaudanslacuisine.com\/en\/assiette-printaniere-vegetarienne\/","url_meta":{"origin":8620,"position":2},"title":"Vegetarian spring plate","date":"6 May 2018","format":false,"excerpt":"{:fr} l Switch language for recipe in English l Assiette printani\u00e8re v\u00e9g\u00e9tarienne Pour 2 personnes Temps de pr\u00e9paration: 10 min, temps de cuisson: 30 min [ingredients title=\"Ingredients\"] Une dizaine d\u2019asperges vertes Une dizaine de carottes Une dizaine de petits champignons de Paris 250g de petits pois 5 belles pommes de\u2026","rel":"","context":"In &quot;Sides&quot;","img":{"alt_text":"","src":"https:\/\/i0.wp.com\/www.unpetitoiseaudanslacuisine.com\/wp-content\/uploads\/cache\/2018\/05\/IMG_4890\/2199015994.jpg?resize=350%2C200&ssl=1","width":350,"height":200},"classes":[]},{"id":2110,"url":"https:\/\/www.unpetitoiseaudanslacuisine.com\/en\/veloute-de-pois-casses-et-chips-de-jambon\/","url_meta":{"origin":8620,"position":3},"title":"Split peas cream soup with a ham chips","date":"9 November 2015","format":false,"excerpt":"{:fr}Velout\u00e9 de pois cass\u00e9s et chips de jambon l Switch language for recipe in English l Une soupe qui change un peu de l'ordinaire! Les pois cass\u00e9s sont des l\u00e9gumes secs (l\u00e9gumineuses) issus d'une vari\u00e9t\u00e9 de petits pois ronds et gros. Ils sont riches en glucides, prot\u00e9ines, sels min\u00e9raux et\u2026","rel":"","context":"In &quot;Vegetables &amp; Legumes&quot;","img":{"alt_text":"","src":"https:\/\/i0.wp.com\/www.unpetitoiseaudanslacuisine.com\/wp-content\/uploads\/cache\/2015\/11\/P1050036\/2923307307.jpg?resize=350%2C200&ssl=1","width":350,"height":200},"classes":[]},{"id":7258,"url":"https:\/\/www.unpetitoiseaudanslacuisine.com\/en\/salade-de-petits-pois-persil-pistache-et-grenade\/","url_meta":{"origin":8620,"position":4},"title":"Pea, parsley, pistachio and pomegranate salad","date":"10 March 2018","format":false,"excerpt":"{:fr} l Switch language for recipe in English l Salade de petits pois, persil, pistache et grenade Pour 2 personnes Temps de pr\u00e9paration: 10 min [ingredients title=\"Ingredients\"] 100g de petits pois congel\u00e9s 1 poign\u00e9e de grenade 1 poign\u00e9e de pistache \u00e9mond\u00e9es 1 poign\u00e9e de pourpier 1 bouquet de persil 1\u2026","rel":"","context":"In &quot;Sides&quot;","img":{"alt_text":"","src":"https:\/\/i0.wp.com\/www.unpetitoiseaudanslacuisine.com\/wp-content\/uploads\/cache\/2018\/03\/IMG_0051-1\/3026407448.jpg?resize=350%2C200&ssl=1","width":350,"height":200},"classes":[]},{"id":3639,"url":"https:\/\/www.unpetitoiseaudanslacuisine.com\/en\/filet-mignon\/","url_meta":{"origin":8620,"position":5},"title":"Pork filet mignon with vegetables","date":"26 February 2016","format":false,"excerpt":"{:fr}Filet mignon de porc et ses petits l\u00e9gumes l Switch language for recipe in English l Que diriez vous d'un filet mignon de porc aux notes asiatiques? Pour apporter un peu de peps \u00e0 cette recette du dimanche assez traditionnelle, j'ai r\u00e9alis\u00e9 une marinade et un jus de viande \u00e0\u2026","rel":"","context":"In &quot;Sides&quot;","img":{"alt_text":"","src":"https:\/\/i0.wp.com\/www.unpetitoiseaudanslacuisine.com\/wp-content\/uploads\/cache\/2016\/02\/P1070237\/2570833848.jpg?resize=350%2C200&ssl=1","width":350,"height":200},"classes":[]}],"_links":{"self":[{"href":"https:\/\/www.unpetitoiseaudanslacuisine.com\/en\/wp-json\/wp\/v2\/posts\/8620","targetHints":{"allow":["GET"]}}],"collection":[{"href":"https:\/\/www.unpetitoiseaudanslacuisine.com\/en\/wp-json\/wp\/v2\/posts"}],"about":[{"href":"https:\/\/www.unpetitoiseaudanslacuisine.com\/en\/wp-json\/wp\/v2\/types\/post"}],"author":[{"embeddable":true,"href":"https:\/\/www.unpetitoiseaudanslacuisine.com\/en\/wp-json\/wp\/v2\/users\/2"}],"replies":[{"embeddable":true,"href":"https:\/\/www.unpetitoiseaudanslacuisine.com\/en\/wp-json\/wp\/v2\/comments?post=8620"}],"version-history":[{"count":0,"href":"https:\/\/www.unpetitoiseaudanslacuisine.com\/en\/wp-json\/wp\/v2\/posts\/8620\/revisions"}],"wp:featuredmedia":[{"embeddable":true,"href":"https:\/\/www.unpetitoiseaudanslacuisine.com\/en\/wp-json\/wp\/v2\/media\/8625"}],"wp:attachment":[{"href":"https:\/\/www.unpetitoiseaudanslacuisine.com\/en\/wp-json\/wp\/v2\/media?parent=8620"}],"wp:term":[{"taxonomy":"category","embeddable":true,"href":"https:\/\/www.unpetitoiseaudanslacuisine.com\/en\/wp-json\/wp\/v2\/categories?post=8620"},{"taxonomy":"post_tag","embeddable":true,"href":"https:\/\/www.unpetitoiseaudanslacuisine.com\/en\/wp-json\/wp\/v2\/tags?post=8620"}],"curies":[{"name":"wp","href":"https:\/\/api.w.org\/{rel}","templated":true}]}}